{"id":5361,"date":"2019-06-02T17:03:43","date_gmt":"2019-06-02T15:03:43","guid":{"rendered":"http:\/\/www.ifmarinvast.se\/orientering\/?p=5361"},"modified":"2019-06-02T17:04:44","modified_gmt":"2019-06-02T15:04:44","slug":"varavslutning-2","status":"publish","type":"post","link":"https:\/\/www.ifmarinvast.se\/orientering\/varavslutning-2\/","title":{"rendered":"V\u00e5ravslutning"},"content":{"rendered":"\n<p>Tisdagen den 11 juni kl 18.00 \u00e4r det dags f\u00f6r v\u00e5ravslutningen p\u00e5 orienteringss\u00e4songen. Lite grillning, lite lek, lite prisutdelning och lite korvgrillning utlovas. Men ingen orientering. Vi h\u00e5ller p\u00e5 i ca 2 h.<\/p>\n\n\n\n<p>Samling: Torpadammen H\u00f6gsboh\u00f6jd. Vid Elins G\u00e5rd.&nbsp;<a href=\"https:\/\/www.google.com\/maps\/place\/Hundrastg%C3%A5rden+H%C3%B6gsboh%C3%B6jd\/@57.6687044,11.9110932,14z\/data=%214m5%213m4%211s0x0:0x4644b9ee6be9004f%218m2%213d57.6696652%214d11.9196457?hl=en-SE\" target=\"_blank\" rel=\"noreferrer noopener\">Samlingsplats<\/a><\/p>\n\n\n\n<p>Parkeringsm\u00f6jlighet: fri parkering i fyra timmar p\u00e5 Fyrktorget (vid Hemk\u00f6p)<\/p>\n\n\n\n<p><strong>Anm\u00e4l senast den 5 juni<\/strong>&nbsp;till Margareta Pettersson (e-postadress finns i e-mail som skickats ut), s\u00e5 vi vet hur mycket korv och annat vi ska fixa! Ange ocks\u00e5 om korven skall vara vegetarisk.<\/p>\n","protected":false},"excerpt":{"rendered":"<p>Tisdagen den 11 juni kl 18.00 \u00e4r det dags f\u00f6r v\u00e5ravslutningen p\u00e5 orienteringss\u00e4songen. Lite grillning, lite lek, lite prisutdelning och lite korvgrillning utlovas. Men ingen orientering. Vi h\u00e5ller p\u00e5 i [&hellip;]<\/p>\n","protected":false},"author":4,"featured_media":0,"comment_status":"open","ping_status":"closed","sticky":false,"template":"","format":"standard","meta":{"footnotes":""},"categories":[262],"tags":[],"class_list":["post-5361","post","type-post","status-publish","format-standard","hentry","category-nyheter"],"_links":{"self":[{"href":"https:\/\/www.ifmarinvast.se\/orientering\/wp-json\/wp\/v2\/posts\/5361","targetHints":{"allow":["GET"]}}],"collection":[{"href":"https:\/\/www.ifmarinvast.se\/orientering\/wp-json\/wp\/v2\/posts"}],"about":[{"href":"https:\/\/www.ifmarinvast.se\/orientering\/wp-json\/wp\/v2\/types\/post"}],"author":[{"embeddable":true,"href":"https:\/\/www.ifmarinvast.se\/orientering\/wp-json\/wp\/v2\/users\/4"}],"replies":[{"embeddable":true,"href":"https:\/\/www.ifmarinvast.se\/orientering\/wp-json\/wp\/v2\/comments?post=5361"}],"version-history":[{"count":2,"href":"https:\/\/www.ifmarinvast.se\/orientering\/wp-json\/wp\/v2\/posts\/5361\/revisions"}],"predecessor-version":[{"id":5363,"href":"https:\/\/www.ifmarinvast.se\/orientering\/wp-json\/wp\/v2\/posts\/5361\/revisions\/5363"}],"wp:attachment":[{"href":"https:\/\/www.ifmarinvast.se\/orientering\/wp-json\/wp\/v2\/media?parent=5361"}],"wp:term":[{"taxonomy":"category","embeddable":true,"href":"https:\/\/www.ifmarinvast.se\/orientering\/wp-json\/wp\/v2\/categories?post=5361"},{"taxonomy":"post_tag","embeddable":true,"href":"https:\/\/www.ifmarinvast.se\/orientering\/wp-json\/wp\/v2\/tags?post=5361"}],"curies":[{"name":"wp","href":"https:\/\/api.w.org\/{rel}","templated":true}]}}