{"id":5342,"date":"2019-05-07T11:05:47","date_gmt":"2019-05-07T09:05:47","guid":{"rendered":"http:\/\/www.ifmarinvast.se\/orientering\/?p=5342"},"modified":"2019-05-07T11:05:50","modified_gmt":"2019-05-07T09:05:50","slug":"9-maj-ar-det-torsdagstraning-i-pavelund%ef%bb%bf","status":"publish","type":"post","link":"https:\/\/www.ifmarinvast.se\/orientering\/9-maj-ar-det-torsdagstraning-i-pavelund%ef%bb%bf\/","title":{"rendered":"9 maj \u00e4r det torsdagstr\u00e4ning i P\u00e5velund\ufeff"},"content":{"rendered":"\n<p>P\u00e5 torsdag den 9 maj \u00e4r det klubbtr\u00e4ning, start fr\u00e5n kl 18.00. Samling vid P\u00e5velunds Motionscentral.<br>De  kommande tisdags\/torsdags-tr\u00e4ningrana i maj kommer alla att vara i  P\u00e5velund. Information om klubbens tr\u00e4ningar och aktiviteter finns ocks\u00e5 i  v\u00e5r <a href=\"https:\/\/www.ifmarinvast.se\/orientering\/kalender\/\">kalender p\u00e5 hemsidan<\/a>.  <\/p>\n","protected":false},"excerpt":{"rendered":"<p>P\u00e5 torsdag den 9 maj \u00e4r det klubbtr\u00e4ning, start fr\u00e5n kl 18.00. Samling vid P\u00e5velunds Motionscentral.De kommande tisdags\/torsdags-tr\u00e4ningrana i maj kommer alla att vara i P\u00e5velund. Information om klubbens tr\u00e4ningar [&hellip;]<\/p>\n","protected":false},"author":4,"featured_media":0,"comment_status":"open","ping_status":"closed","sticky":false,"template":"","format":"standard","meta":{"footnotes":""},"categories":[262],"tags":[],"class_list":["post-5342","post","type-post","status-publish","format-standard","hentry","category-nyheter"],"_links":{"self":[{"href":"https:\/\/www.ifmarinvast.se\/orientering\/wp-json\/wp\/v2\/posts\/5342","targetHints":{"allow":["GET"]}}],"collection":[{"href":"https:\/\/www.ifmarinvast.se\/orientering\/wp-json\/wp\/v2\/posts"}],"about":[{"href":"https:\/\/www.ifmarinvast.se\/orientering\/wp-json\/wp\/v2\/types\/post"}],"author":[{"embeddable":true,"href":"https:\/\/www.ifmarinvast.se\/orientering\/wp-json\/wp\/v2\/users\/4"}],"replies":[{"embeddable":true,"href":"https:\/\/www.ifmarinvast.se\/orientering\/wp-json\/wp\/v2\/comments?post=5342"}],"version-history":[{"count":1,"href":"https:\/\/www.ifmarinvast.se\/orientering\/wp-json\/wp\/v2\/posts\/5342\/revisions"}],"predecessor-version":[{"id":5343,"href":"https:\/\/www.ifmarinvast.se\/orientering\/wp-json\/wp\/v2\/posts\/5342\/revisions\/5343"}],"wp:attachment":[{"href":"https:\/\/www.ifmarinvast.se\/orientering\/wp-json\/wp\/v2\/media?parent=5342"}],"wp:term":[{"taxonomy":"category","embeddable":true,"href":"https:\/\/www.ifmarinvast.se\/orientering\/wp-json\/wp\/v2\/categories?post=5342"},{"taxonomy":"post_tag","embeddable":true,"href":"https:\/\/www.ifmarinvast.se\/orientering\/wp-json\/wp\/v2\/tags?post=5342"}],"curies":[{"name":"wp","href":"https:\/\/api.w.org\/{rel}","templated":true}]}}