{"id":5340,"date":"2019-05-07T11:03:51","date_gmt":"2019-05-07T09:03:51","guid":{"rendered":"http:\/\/www.ifmarinvast.se\/orientering\/?p=5340"},"modified":"2019-05-07T11:03:54","modified_gmt":"2019-05-07T09:03:54","slug":"nu-ar-det-dags-att-anmala-sig-till-arets-klubbmasterskap%ef%bb%bf","status":"publish","type":"post","link":"https:\/\/www.ifmarinvast.se\/orientering\/nu-ar-det-dags-att-anmala-sig-till-arets-klubbmasterskap%ef%bb%bf\/","title":{"rendered":"Nu \u00e4r det dags att anm\u00e4la sig till \u00e5rets klubbm\u00e4sterskap\ufeff"},"content":{"rendered":"\n<p>\u00c5rets  klubbm\u00e4sterskap genomf\u00f6rs den 16 maj. T\u00e4vlingen g\u00e5r p\u00e5 den nya  Sisj\u00f6kartan, samling Sisj\u00f6ns badplats. Start fr\u00e5n kl 18.00. <\/p>\n\n\n\n<p><strong>Anm\u00e4lan senast 14 maj<\/strong><br>Anm\u00e4l senast 14 maj i vanlig klass, s\u00e5 kommer klubbansvarig att s\u00e4tta ihop l\u00e4mpliga KM-klasser.<br><a href=\"https:\/\/eventor.orientering.se\/Events\/Show\/26167\">L\u00e4nk till anm\u00e4lan till t\u00e4vlingen i Eventor &gt;&gt;<\/a><br>Det g\u00e5r ocks\u00e5 att skicka ett e-mail till orientering@ifmarinvast.se med din anm\u00e4lan.\n\n<\/p>\n","protected":false},"excerpt":{"rendered":"<p>\u00c5rets klubbm\u00e4sterskap genomf\u00f6rs den 16 maj. T\u00e4vlingen g\u00e5r p\u00e5 den nya Sisj\u00f6kartan, samling Sisj\u00f6ns badplats. Start fr\u00e5n kl 18.00. Anm\u00e4lan senast 14 majAnm\u00e4l senast 14 maj i vanlig klass, s\u00e5 [&hellip;]<\/p>\n","protected":false},"author":4,"featured_media":0,"comment_status":"open","ping_status":"closed","sticky":false,"template":"","format":"standard","meta":{"footnotes":""},"categories":[262],"tags":[],"class_list":["post-5340","post","type-post","status-publish","format-standard","hentry","category-nyheter"],"_links":{"self":[{"href":"https:\/\/www.ifmarinvast.se\/orientering\/wp-json\/wp\/v2\/posts\/5340","targetHints":{"allow":["GET"]}}],"collection":[{"href":"https:\/\/www.ifmarinvast.se\/orientering\/wp-json\/wp\/v2\/posts"}],"about":[{"href":"https:\/\/www.ifmarinvast.se\/orientering\/wp-json\/wp\/v2\/types\/post"}],"author":[{"embeddable":true,"href":"https:\/\/www.ifmarinvast.se\/orientering\/wp-json\/wp\/v2\/users\/4"}],"replies":[{"embeddable":true,"href":"https:\/\/www.ifmarinvast.se\/orientering\/wp-json\/wp\/v2\/comments?post=5340"}],"version-history":[{"count":1,"href":"https:\/\/www.ifmarinvast.se\/orientering\/wp-json\/wp\/v2\/posts\/5340\/revisions"}],"predecessor-version":[{"id":5341,"href":"https:\/\/www.ifmarinvast.se\/orientering\/wp-json\/wp\/v2\/posts\/5340\/revisions\/5341"}],"wp:attachment":[{"href":"https:\/\/www.ifmarinvast.se\/orientering\/wp-json\/wp\/v2\/media?parent=5340"}],"wp:term":[{"taxonomy":"category","embeddable":true,"href":"https:\/\/www.ifmarinvast.se\/orientering\/wp-json\/wp\/v2\/categories?post=5340"},{"taxonomy":"post_tag","embeddable":true,"href":"https:\/\/www.ifmarinvast.se\/orientering\/wp-json\/wp\/v2\/tags?post=5340"}],"curies":[{"name":"wp","href":"https:\/\/api.w.org\/{rel}","templated":true}]}}