{"id":531,"date":"2003-05-18T00:00:00","date_gmt":"2003-05-17T22:00:00","guid":{"rendered":"http:\/\/ifmarinvast.se\/2016\/framskjutna-placeringar-pa-varserien\/"},"modified":"2015-10-11T14:46:46","modified_gmt":"2015-10-11T12:46:46","slug":"framskjutna-placeringar-pa-varserien","status":"publish","type":"post","link":"https:\/\/www.ifmarinvast.se\/orientering\/framskjutna-placeringar-pa-varserien\/","title":{"rendered":"Framskjutna placeringar p\u00e5 V\u00e5rserien"},"content":{"rendered":"<p>V\u00e5rserieetapp 2 avgjordes p\u00e5 l\u00f6rdagen vid Gunnebo slott. M\u00e5let var placerat n\u00e5gra meter fr\u00e5n Stensj\u00f6ns s\u00f6dra strand vilket gav deltagare och \u00e5sk\u00e5dare en vacker utsikt. <br \/>V\u00e5ra ungdomar lyckades bra i den snabbl\u00f6pta terr\u00e4ngen. Speciellt att notera att Hanna tog sin andra etappseger i D12, Ylva kom p\u00e5 3dje plats i D13 och Tobias slutade 7:a bland 35 startande i HU2.<\/p>\n","protected":false},"excerpt":{"rendered":"<p>V\u00e5rserieetapp 2 avgjordes p\u00e5 l\u00f6rdagen vid Gunnebo slott. M\u00e5let var placerat n\u00e5gra meter fr\u00e5n Stensj\u00f6ns s\u00f6dra strand vilket gav deltagare och \u00e5sk\u00e5dare en vacker utsikt. V\u00e5ra ungdomar lyckades bra i [&hellip;]<\/p>\n","protected":false},"author":2,"featured_media":0,"comment_status":"open","ping_status":"open","sticky":false,"template":"","format":"standard","meta":{"footnotes":""},"categories":[262,1],"tags":[],"class_list":["post-531","post","type-post","status-publish","format-standard","hentry","category-nyheter","category-okategoriserade"],"_links":{"self":[{"href":"https:\/\/www.ifmarinvast.se\/orientering\/wp-json\/wp\/v2\/posts\/531","targetHints":{"allow":["GET"]}}],"collection":[{"href":"https:\/\/www.ifmarinvast.se\/orientering\/wp-json\/wp\/v2\/posts"}],"about":[{"href":"https:\/\/www.ifmarinvast.se\/orientering\/wp-json\/wp\/v2\/types\/post"}],"author":[{"embeddable":true,"href":"https:\/\/www.ifmarinvast.se\/orientering\/wp-json\/wp\/v2\/users\/2"}],"replies":[{"embeddable":true,"href":"https:\/\/www.ifmarinvast.se\/orientering\/wp-json\/wp\/v2\/comments?post=531"}],"version-history":[{"count":1,"href":"https:\/\/www.ifmarinvast.se\/orientering\/wp-json\/wp\/v2\/posts\/531\/revisions"}],"predecessor-version":[{"id":1646,"href":"https:\/\/www.ifmarinvast.se\/orientering\/wp-json\/wp\/v2\/posts\/531\/revisions\/1646"}],"wp:attachment":[{"href":"https:\/\/www.ifmarinvast.se\/orientering\/wp-json\/wp\/v2\/media?parent=531"}],"wp:term":[{"taxonomy":"category","embeddable":true,"href":"https:\/\/www.ifmarinvast.se\/orientering\/wp-json\/wp\/v2\/categories?post=531"},{"taxonomy":"post_tag","embeddable":true,"href":"https:\/\/www.ifmarinvast.se\/orientering\/wp-json\/wp\/v2\/tags?post=531"}],"curies":[{"name":"wp","href":"https:\/\/api.w.org\/{rel}","templated":true}]}}