{"id":530,"date":"2003-05-17T00:00:00","date_gmt":"2003-05-16T22:00:00","guid":{"rendered":"http:\/\/ifmarinvast.se\/2016\/430\/"},"modified":"2015-10-11T14:46:47","modified_gmt":"2015-10-11T12:46:47","slug":"430","status":"publish","type":"post","link":"https:\/\/www.ifmarinvast.se\/orientering\/430\/","title":{"rendered":"N\u00e4sta torsdagstr\u00e4ning, 22 maj, har en annan saml&#8230;"},"content":{"rendered":"<p>N\u00e4sta torsdagstr\u00e4ning, 22 maj, har en annan samlingsplats \u00e4n den vanliga! Vi ses <b>18.00 vid den lilla lekplatsen i Ruddalenskogen<\/b>, direkt till v\u00e4nster n\u00e4r man kommer fr\u00e5n P\u00e5velundsslingan (<a href='http:\/\/www.ifmv.nu\/ko\/ruddalen.gif'>se karta<\/a>). \u00c4r man os\u00e4ker p\u00e5 v\u00e4gen eller vill ha s\u00e4llskap dit, samlas n\u00e5gra vid P\u00e5velunds MC kl 17.45 och joggar\/cyklar tillsammans bort till Ruddalen. Temat denna g\u00e5ng \u00e4r <b>f\u00f6renkling<\/b>.<\/p>\n<p>(PS: Missa heller inte stadsorientering i v\u00e4ster dagen innan. Etapp 4 i <a href='http:\/\/www.gmok.nu\/stadscup03_inb.htm'>GMOKs stadscup<\/a> g\u00e5r vid Bj\u00f6rkh\u00f6jdsskolan &#8211; kom dit f\u00f6re 18.30 och efteranm\u00e4l dig!)<\/p>\n","protected":false},"excerpt":{"rendered":"<p>N\u00e4sta torsdagstr\u00e4ning, 22 maj, har en annan samlingsplats \u00e4n den vanliga! Vi ses 18.00 vid den lilla lekplatsen i Ruddalenskogen, direkt till v\u00e4nster n\u00e4r man kommer fr\u00e5n P\u00e5velundsslingan (se karta). [&hellip;]<\/p>\n","protected":false},"author":2,"featured_media":0,"comment_status":"open","ping_status":"open","sticky":false,"template":"","format":"standard","meta":{"footnotes":""},"categories":[262,1],"tags":[],"class_list":["post-530","post","type-post","status-publish","format-standard","hentry","category-nyheter","category-okategoriserade"],"_links":{"self":[{"href":"https:\/\/www.ifmarinvast.se\/orientering\/wp-json\/wp\/v2\/posts\/530","targetHints":{"allow":["GET"]}}],"collection":[{"href":"https:\/\/www.ifmarinvast.se\/orientering\/wp-json\/wp\/v2\/posts"}],"about":[{"href":"https:\/\/www.ifmarinvast.se\/orientering\/wp-json\/wp\/v2\/types\/post"}],"author":[{"embeddable":true,"href":"https:\/\/www.ifmarinvast.se\/orientering\/wp-json\/wp\/v2\/users\/2"}],"replies":[{"embeddable":true,"href":"https:\/\/www.ifmarinvast.se\/orientering\/wp-json\/wp\/v2\/comments?post=530"}],"version-history":[{"count":1,"href":"https:\/\/www.ifmarinvast.se\/orientering\/wp-json\/wp\/v2\/posts\/530\/revisions"}],"predecessor-version":[{"id":3156,"href":"https:\/\/www.ifmarinvast.se\/orientering\/wp-json\/wp\/v2\/posts\/530\/revisions\/3156"}],"wp:attachment":[{"href":"https:\/\/www.ifmarinvast.se\/orientering\/wp-json\/wp\/v2\/media?parent=530"}],"wp:term":[{"taxonomy":"category","embeddable":true,"href":"https:\/\/www.ifmarinvast.se\/orientering\/wp-json\/wp\/v2\/categories?post=530"},{"taxonomy":"post_tag","embeddable":true,"href":"https:\/\/www.ifmarinvast.se\/orientering\/wp-json\/wp\/v2\/tags?post=530"}],"curies":[{"name":"wp","href":"https:\/\/api.w.org\/{rel}","templated":true}]}}