{"id":519,"date":"2003-05-06T00:00:00","date_gmt":"2003-05-05T22:00:00","guid":{"rendered":"http:\/\/ifmarinvast.se\/2016\/p-dekaler-och-bussbiljetter-till-o-ringen\/"},"modified":"2015-10-11T14:46:47","modified_gmt":"2015-10-11T12:46:47","slug":"p-dekaler-och-bussbiljetter-till-o-ringen","status":"publish","type":"post","link":"https:\/\/www.ifmarinvast.se\/orientering\/p-dekaler-och-bussbiljetter-till-o-ringen\/","title":{"rendered":"P-dekaler och bussbiljetter till O-Ringen"},"content":{"rendered":"<p>P-dekaler och bussbiljetter skall vara best\u00e4llda och betalade senast den 15 maj. Det kommer ocks\u00e5 att g\u00e5 att k\u00f6pa 1-dags p-biljetter p\u00e5 plats.<\/p>\n<p>Om Du vill best\u00e4lla i f\u00f6rv\u00e4g via klubben &#8211; meddela <a href='mailto:ahlqvist@brevet.nu'>Anita<\/a> eller <a href='mailto:bengt@ifmv.nu'>Bengt<\/a> senast 10 maj, s\u00e5 skickar vi in en gemensam klubbest\u00e4llning. Betalningen av p-biljetter\/buss kan ni g\u00f6ra tillsammans med boendebetalningen, som vi \u00e5terkommer med detaljerad info om inom kort.<\/p>\n<p><a href='http:\/\/www.oringen.com\/t23.asp?p=38936' target ='_blank'>Mer info om priser etc f\u00f6r p-dekaler och bussbiljetter<\/a>.<\/p>\n","protected":false},"excerpt":{"rendered":"<p>P-dekaler och bussbiljetter skall vara best\u00e4llda och betalade senast den 15 maj. Det kommer ocks\u00e5 att g\u00e5 att k\u00f6pa 1-dags p-biljetter p\u00e5 plats. Om Du vill best\u00e4lla i f\u00f6rv\u00e4g via [&hellip;]<\/p>\n","protected":false},"author":2,"featured_media":0,"comment_status":"open","ping_status":"open","sticky":false,"template":"","format":"standard","meta":{"footnotes":""},"categories":[262,1],"tags":[],"class_list":["post-519","post","type-post","status-publish","format-standard","hentry","category-nyheter","category-okategoriserade"],"_links":{"self":[{"href":"https:\/\/www.ifmarinvast.se\/orientering\/wp-json\/wp\/v2\/posts\/519","targetHints":{"allow":["GET"]}}],"collection":[{"href":"https:\/\/www.ifmarinvast.se\/orientering\/wp-json\/wp\/v2\/posts"}],"about":[{"href":"https:\/\/www.ifmarinvast.se\/orientering\/wp-json\/wp\/v2\/types\/post"}],"author":[{"embeddable":true,"href":"https:\/\/www.ifmarinvast.se\/orientering\/wp-json\/wp\/v2\/users\/2"}],"replies":[{"embeddable":true,"href":"https:\/\/www.ifmarinvast.se\/orientering\/wp-json\/wp\/v2\/comments?post=519"}],"version-history":[{"count":1,"href":"https:\/\/www.ifmarinvast.se\/orientering\/wp-json\/wp\/v2\/posts\/519\/revisions"}],"predecessor-version":[{"id":3157,"href":"https:\/\/www.ifmarinvast.se\/orientering\/wp-json\/wp\/v2\/posts\/519\/revisions\/3157"}],"wp:attachment":[{"href":"https:\/\/www.ifmarinvast.se\/orientering\/wp-json\/wp\/v2\/media?parent=519"}],"wp:term":[{"taxonomy":"category","embeddable":true,"href":"https:\/\/www.ifmarinvast.se\/orientering\/wp-json\/wp\/v2\/categories?post=519"},{"taxonomy":"post_tag","embeddable":true,"href":"https:\/\/www.ifmarinvast.se\/orientering\/wp-json\/wp\/v2\/tags?post=519"}],"curies":[{"name":"wp","href":"https:\/\/api.w.org\/{rel}","templated":true}]}}