{"id":5186,"date":"2019-03-27T08:00:06","date_gmt":"2019-03-27T07:00:06","guid":{"rendered":"http:\/\/www.ifmarinvast.se\/orientering\/?p=5186"},"modified":"2019-03-27T08:15:29","modified_gmt":"2019-03-27T07:15:29","slug":"inbjudan-till-varens-orienteringslager-den-27-28-april-anmalan-senast-31-mars","status":"publish","type":"post","link":"https:\/\/www.ifmarinvast.se\/orientering\/inbjudan-till-varens-orienteringslager-den-27-28-april-anmalan-senast-31-mars\/","title":{"rendered":"Inbjudan till v\u00e5rens orienteringsl\u00e4ger den 27-28 april \u2013 anm\u00e4lan senast 1 april"},"content":{"rendered":"<p><strong>V\u00e4lkomna till v\u00e5rens orienteringsl\u00e4ger, med orienteringstr\u00e4ning f\u00f6r alla medlemmar, b\u00e5de vuxna och ungdom, erfarna och nyb\u00f6rjare!<\/strong><\/p>\n<p>P\u00e5 l\u00e4gret har vi en <strong>nyb\u00f6rjarkurs f\u00f6r barn fr\u00e5n ca nio \u00e5r och f\u00f6r vuxna<\/strong>. F\u00f6r\u00e4ldrar till orienterande barn, h\u00e4r har ni er chans!<\/p>\n<p>Vi kommer att h\u00e5lla till i IK Uvens klubbstuga i Bunketorp, Lindome, l\u00f6rdag morgon till s\u00f6ndag em. Upp till 20 personer kan \u00f6vernatta (p\u00e5 h\u00e5rt underlag). Det g\u00e5r f\u00f6rst\u00e5s bra att bara delta dagtid. L\u00e4geravgiften \u00e4r 200 kr per person, oavsett om man \u00f6vernattar eller inte.<br \/>\nF\u00f6r deltagande i nyb\u00f6rjarkursen tillkommer 100 kr f\u00f6r material. \u00c4r du inte medlem \u00e4n tillkommer medlems- och tr\u00e4ningsavgift.<\/p>\n<p>Maten lagar vi tillsammans i matlag, och det finns omkl\u00e4dningsrum med dusch och bastu. Alla orienterings\u00f6vningar h\u00e5lls p\u00e5 flera niv\u00e5er s\u00e5 alla kan v\u00e4lja en som passar.<\/p>\n<h2>Anm\u00e4lan<\/h2>\n<p>E-posta din anm\u00e4lan till <a href=\"mailto:orientering@ifmarinvast.se\">orientering@ifmarinvast.se<\/a> senast den 1 april.<br \/>\nDet vi beh\u00f6ver veta i anm\u00e4lan \u00e4r f\u00f6ljande:<\/p>\n<ul>\n<li>Namn<\/li>\n<li>Jag vill vara med l\u00f6rdag 27 april?<\/li>\n<li>Jag vill vara med s\u00f6ndag 28 april?<\/li>\n<li>Jag vill \u00f6vernatta p\u00e5 l\u00e4gret 27-28 april?<\/li>\n<li>Kontaktuppgifter till v\u00e5rdnadshavare under helgen<\/li>\n<li>Allergier, specialkost eller liknande viktiga uppgifter om dig<\/li>\n<\/ul>\n<p><strong>Ange ocks\u00e5 om du vill vara med p\u00e5 nyb\u00f6rjarkursen!<\/strong><\/p>\n","protected":false},"excerpt":{"rendered":"<p>V\u00e4lkomna till v\u00e5rens orienteringsl\u00e4ger, med orienteringstr\u00e4ning f\u00f6r alla medlemmar, b\u00e5de vuxna och ungdom, erfarna och nyb\u00f6rjare! P\u00e5 l\u00e4gret har vi en nyb\u00f6rjarkurs f\u00f6r barn fr\u00e5n ca nio \u00e5r och f\u00f6r [&hellip;]<\/p>\n","protected":false},"author":4,"featured_media":0,"comment_status":"open","ping_status":"closed","sticky":false,"template":"","format":"standard","meta":{"footnotes":""},"categories":[262],"tags":[],"class_list":["post-5186","post","type-post","status-publish","format-standard","hentry","category-nyheter"],"_links":{"self":[{"href":"https:\/\/www.ifmarinvast.se\/orientering\/wp-json\/wp\/v2\/posts\/5186","targetHints":{"allow":["GET"]}}],"collection":[{"href":"https:\/\/www.ifmarinvast.se\/orientering\/wp-json\/wp\/v2\/posts"}],"about":[{"href":"https:\/\/www.ifmarinvast.se\/orientering\/wp-json\/wp\/v2\/types\/post"}],"author":[{"embeddable":true,"href":"https:\/\/www.ifmarinvast.se\/orientering\/wp-json\/wp\/v2\/users\/4"}],"replies":[{"embeddable":true,"href":"https:\/\/www.ifmarinvast.se\/orientering\/wp-json\/wp\/v2\/comments?post=5186"}],"version-history":[{"count":4,"href":"https:\/\/www.ifmarinvast.se\/orientering\/wp-json\/wp\/v2\/posts\/5186\/revisions"}],"predecessor-version":[{"id":5324,"href":"https:\/\/www.ifmarinvast.se\/orientering\/wp-json\/wp\/v2\/posts\/5186\/revisions\/5324"}],"wp:attachment":[{"href":"https:\/\/www.ifmarinvast.se\/orientering\/wp-json\/wp\/v2\/media?parent=5186"}],"wp:term":[{"taxonomy":"category","embeddable":true,"href":"https:\/\/www.ifmarinvast.se\/orientering\/wp-json\/wp\/v2\/categories?post=5186"},{"taxonomy":"post_tag","embeddable":true,"href":"https:\/\/www.ifmarinvast.se\/orientering\/wp-json\/wp\/v2\/tags?post=5186"}],"curies":[{"name":"wp","href":"https:\/\/api.w.org\/{rel}","templated":true}]}}