{"id":517,"date":"2003-05-04T00:00:00","date_gmt":"2003-05-03T22:00:00","guid":{"rendered":"http:\/\/ifmarinvast.se\/2016\/417-anmalan-till-sommarens-orienteringslager\/"},"modified":"2015-10-11T14:46:47","modified_gmt":"2015-10-11T12:46:47","slug":"417-anmalan-till-sommarens-orienteringslager","status":"publish","type":"post","link":"https:\/\/www.ifmarinvast.se\/orientering\/417-anmalan-till-sommarens-orienteringslager\/","title":{"rendered":"ANM\u00c4LAN TILL SOMMARENS ORIENTERINGSL\u00c4GER"},"content":{"rendered":"<p>Nu \u00e4r det dags att anm\u00e4la dig till sommarens GOF-l\u00e4ger i mitten p\u00e5 juni. <u>Senaste anm\u00e4lningsdag \u00e4r 10 maj.<\/u> Anm\u00e4l dig genom din ungdomstr\u00e4nare eller via mig. Gl\u00f6m inte att l\u00e4mna in lappen med dina personuppgifter. All information om l\u00e4gren finns p\u00e5 GOF:s hemsida: http:\/\/www.orienteringgoteborg.com<br \/>G\u00e5 in under &#8217;Ungdom\/L\u00e4ger&#8217;.<br \/>OBS! Klubben betalar halva l\u00e4geravgiften f\u00f6r dig!<\/p>\n","protected":false},"excerpt":{"rendered":"<p>Nu \u00e4r det dags att anm\u00e4la dig till sommarens GOF-l\u00e4ger i mitten p\u00e5 juni. Senaste anm\u00e4lningsdag \u00e4r 10 maj. Anm\u00e4l dig genom din ungdomstr\u00e4nare eller via mig. Gl\u00f6m inte att [&hellip;]<\/p>\n","protected":false},"author":2,"featured_media":0,"comment_status":"open","ping_status":"open","sticky":false,"template":"","format":"standard","meta":{"footnotes":""},"categories":[262,1],"tags":[],"class_list":["post-517","post","type-post","status-publish","format-standard","hentry","category-nyheter","category-okategoriserade"],"_links":{"self":[{"href":"https:\/\/www.ifmarinvast.se\/orientering\/wp-json\/wp\/v2\/posts\/517","targetHints":{"allow":["GET"]}}],"collection":[{"href":"https:\/\/www.ifmarinvast.se\/orientering\/wp-json\/wp\/v2\/posts"}],"about":[{"href":"https:\/\/www.ifmarinvast.se\/orientering\/wp-json\/wp\/v2\/types\/post"}],"author":[{"embeddable":true,"href":"https:\/\/www.ifmarinvast.se\/orientering\/wp-json\/wp\/v2\/users\/2"}],"replies":[{"embeddable":true,"href":"https:\/\/www.ifmarinvast.se\/orientering\/wp-json\/wp\/v2\/comments?post=517"}],"version-history":[{"count":1,"href":"https:\/\/www.ifmarinvast.se\/orientering\/wp-json\/wp\/v2\/posts\/517\/revisions"}],"predecessor-version":[{"id":1642,"href":"https:\/\/www.ifmarinvast.se\/orientering\/wp-json\/wp\/v2\/posts\/517\/revisions\/1642"}],"wp:attachment":[{"href":"https:\/\/www.ifmarinvast.se\/orientering\/wp-json\/wp\/v2\/media?parent=517"}],"wp:term":[{"taxonomy":"category","embeddable":true,"href":"https:\/\/www.ifmarinvast.se\/orientering\/wp-json\/wp\/v2\/categories?post=517"},{"taxonomy":"post_tag","embeddable":true,"href":"https:\/\/www.ifmarinvast.se\/orientering\/wp-json\/wp\/v2\/tags?post=517"}],"curies":[{"name":"wp","href":"https:\/\/api.w.org\/{rel}","templated":true}]}}