{"id":5141,"date":"2019-01-07T19:00:23","date_gmt":"2019-01-07T18:00:23","guid":{"rendered":"http:\/\/www.ifmarinvast.se\/orientering\/?p=5141"},"modified":"2019-01-07T19:00:23","modified_gmt":"2019-01-07T18:00:23","slug":"tisdagen-den-8-januari-borjar-innetraningarna-igen-efter-juluppehallet","status":"publish","type":"post","link":"https:\/\/www.ifmarinvast.se\/orientering\/tisdagen-den-8-januari-borjar-innetraningarna-igen-efter-juluppehallet\/","title":{"rendered":"Tisdagen den 8 januari b\u00f6rjar innetr\u00e4ningarna igen efter juluppeh\u00e5llet"},"content":{"rendered":"<p>Tisdagen den 8 januari b\u00f6rjar innetr\u00e4ningar i Hagenskolans gymnastiksal igen efter juluppeh\u00e5llet.<\/p>\n<p>Omkl\u00e4dningsrummen och hallen \u00f6ppnar 18:00 och vi h\u00e5ller p\u00e5 till ca 19:30. Det blir stationsgympa och innebandy och alla kan vara med. Kom och h\u00e5ll ig\u00e5ng konditionen hela vintern!<\/p>\n<p>Innetr\u00e4ningarna h\u00e5ller p\u00e5 fram till och med mars med undantag f\u00f6r sportlovet (v 7) d\u00e5 vi tar en veckas paus.<\/p>\n","protected":false},"excerpt":{"rendered":"<p>Tisdagen den 8 januari b\u00f6rjar innetr\u00e4ningar i Hagenskolans gymnastiksal igen efter juluppeh\u00e5llet. Omkl\u00e4dningsrummen och hallen \u00f6ppnar 18:00 och vi h\u00e5ller p\u00e5 till ca 19:30. Det blir stationsgympa och innebandy och [&hellip;]<\/p>\n","protected":false},"author":4,"featured_media":0,"comment_status":"open","ping_status":"closed","sticky":false,"template":"","format":"standard","meta":{"footnotes":""},"categories":[262],"tags":[],"class_list":["post-5141","post","type-post","status-publish","format-standard","hentry","category-nyheter"],"_links":{"self":[{"href":"https:\/\/www.ifmarinvast.se\/orientering\/wp-json\/wp\/v2\/posts\/5141","targetHints":{"allow":["GET"]}}],"collection":[{"href":"https:\/\/www.ifmarinvast.se\/orientering\/wp-json\/wp\/v2\/posts"}],"about":[{"href":"https:\/\/www.ifmarinvast.se\/orientering\/wp-json\/wp\/v2\/types\/post"}],"author":[{"embeddable":true,"href":"https:\/\/www.ifmarinvast.se\/orientering\/wp-json\/wp\/v2\/users\/4"}],"replies":[{"embeddable":true,"href":"https:\/\/www.ifmarinvast.se\/orientering\/wp-json\/wp\/v2\/comments?post=5141"}],"version-history":[{"count":2,"href":"https:\/\/www.ifmarinvast.se\/orientering\/wp-json\/wp\/v2\/posts\/5141\/revisions"}],"predecessor-version":[{"id":5144,"href":"https:\/\/www.ifmarinvast.se\/orientering\/wp-json\/wp\/v2\/posts\/5141\/revisions\/5144"}],"wp:attachment":[{"href":"https:\/\/www.ifmarinvast.se\/orientering\/wp-json\/wp\/v2\/media?parent=5141"}],"wp:term":[{"taxonomy":"category","embeddable":true,"href":"https:\/\/www.ifmarinvast.se\/orientering\/wp-json\/wp\/v2\/categories?post=5141"},{"taxonomy":"post_tag","embeddable":true,"href":"https:\/\/www.ifmarinvast.se\/orientering\/wp-json\/wp\/v2\/tags?post=5141"}],"curies":[{"name":"wp","href":"https:\/\/api.w.org\/{rel}","templated":true}]}}