{"id":5133,"date":"2018-11-02T09:06:21","date_gmt":"2018-11-02T08:06:21","guid":{"rendered":"http:\/\/www.ifmarinvast.se\/orientering\/?p=5133"},"modified":"2018-11-02T09:06:21","modified_gmt":"2018-11-02T08:06:21","slug":"6e-november-borjar-arets-innetraningar","status":"publish","type":"post","link":"https:\/\/www.ifmarinvast.se\/orientering\/6e-november-borjar-arets-innetraningar\/","title":{"rendered":"6:e november b\u00f6rjar \u00e5rets innetr\u00e4ningar"},"content":{"rendered":"<div dir=\"auto\"><strong>Tisdagen den 6 november b\u00f6rjar \u00e5rets innetr\u00e4ningar i Hagenskolans gymnastiksal.<\/strong><\/div>\n<div dir=\"auto\"><\/div>\n<div dir=\"auto\">Omkl\u00e4dningsrummen och hallen \u00f6ppnar 18:00 och vi h\u00e5ller p\u00e5 till ca 19:30. Det blir stationsgympa och innebandy och alla kan vara med. Kom och h\u00e5ll ig\u00e5ng konditionen hela vintern!<\/div>\n<div dir=\"auto\"><\/div>\n<div dir=\"auto\">Innetr\u00e4ningarna h\u00e5ller p\u00e5 fram till den 18 december d\u00e5 vi g\u00f6r uppeh\u00e5ll f\u00f6r att sedan forts\u00e4tta efter \u00e5rsskiftet.<\/div>\n","protected":false},"excerpt":{"rendered":"<p>Tisdagen den 6 november b\u00f6rjar \u00e5rets innetr\u00e4ningar i Hagenskolans gymnastiksal. Omkl\u00e4dningsrummen och hallen \u00f6ppnar 18:00 och vi h\u00e5ller p\u00e5 till ca 19:30. Det blir stationsgympa och innebandy och alla kan [&hellip;]<\/p>\n","protected":false},"author":4,"featured_media":0,"comment_status":"open","ping_status":"closed","sticky":false,"template":"","format":"standard","meta":{"footnotes":""},"categories":[262],"tags":[],"class_list":["post-5133","post","type-post","status-publish","format-standard","hentry","category-nyheter"],"_links":{"self":[{"href":"https:\/\/www.ifmarinvast.se\/orientering\/wp-json\/wp\/v2\/posts\/5133","targetHints":{"allow":["GET"]}}],"collection":[{"href":"https:\/\/www.ifmarinvast.se\/orientering\/wp-json\/wp\/v2\/posts"}],"about":[{"href":"https:\/\/www.ifmarinvast.se\/orientering\/wp-json\/wp\/v2\/types\/post"}],"author":[{"embeddable":true,"href":"https:\/\/www.ifmarinvast.se\/orientering\/wp-json\/wp\/v2\/users\/4"}],"replies":[{"embeddable":true,"href":"https:\/\/www.ifmarinvast.se\/orientering\/wp-json\/wp\/v2\/comments?post=5133"}],"version-history":[{"count":1,"href":"https:\/\/www.ifmarinvast.se\/orientering\/wp-json\/wp\/v2\/posts\/5133\/revisions"}],"predecessor-version":[{"id":5134,"href":"https:\/\/www.ifmarinvast.se\/orientering\/wp-json\/wp\/v2\/posts\/5133\/revisions\/5134"}],"wp:attachment":[{"href":"https:\/\/www.ifmarinvast.se\/orientering\/wp-json\/wp\/v2\/media?parent=5133"}],"wp:term":[{"taxonomy":"category","embeddable":true,"href":"https:\/\/www.ifmarinvast.se\/orientering\/wp-json\/wp\/v2\/categories?post=5133"},{"taxonomy":"post_tag","embeddable":true,"href":"https:\/\/www.ifmarinvast.se\/orientering\/wp-json\/wp\/v2\/tags?post=5133"}],"curies":[{"name":"wp","href":"https:\/\/api.w.org\/{rel}","templated":true}]}}