{"id":513,"date":"2003-04-26T00:00:00","date_gmt":"2003-04-25T22:00:00","guid":{"rendered":"http:\/\/ifmarinvast.se\/2016\/antligen-varserie\/"},"modified":"2015-10-11T14:46:59","modified_gmt":"2015-10-11T12:46:59","slug":"antligen-varserie","status":"publish","type":"post","link":"https:\/\/www.ifmarinvast.se\/orientering\/antligen-varserie\/","title":{"rendered":"\u00c4NTLIGEN V\u00c5RSERIE!!!"},"content":{"rendered":"<p>Nu, k\u00e4ra ungdomar, drar v\u00e5rserien ig\u00e5ng! <b>Gl\u00f6m inte att anm\u00e4la er!!!<\/b> Den f\u00f6rsta delt\u00e4vlingen g\u00e5r 10 maj och r\u00e4knas dessutom in i ungdomsserien. Sista anm\u00e4lan 1 maj &#8211; f\u00f6r anm\u00e4lan och mer info om delt\u00e4vlingarna kolla i <a href='http:\/\/www.ifmv.nu\/tavling\/index.asp?id=891'>t\u00e4vlingskalendern<\/a>.<\/p>\n","protected":false},"excerpt":{"rendered":"<p>Nu, k\u00e4ra ungdomar, drar v\u00e5rserien ig\u00e5ng! Gl\u00f6m inte att anm\u00e4la er!!! Den f\u00f6rsta delt\u00e4vlingen g\u00e5r 10 maj och r\u00e4knas dessutom in i ungdomsserien. Sista anm\u00e4lan 1 maj &#8211; f\u00f6r anm\u00e4lan [&hellip;]<\/p>\n","protected":false},"author":2,"featured_media":0,"comment_status":"open","ping_status":"open","sticky":false,"template":"","format":"standard","meta":{"footnotes":""},"categories":[262,1],"tags":[],"class_list":["post-513","post","type-post","status-publish","format-standard","hentry","category-nyheter","category-okategoriserade"],"_links":{"self":[{"href":"https:\/\/www.ifmarinvast.se\/orientering\/wp-json\/wp\/v2\/posts\/513","targetHints":{"allow":["GET"]}}],"collection":[{"href":"https:\/\/www.ifmarinvast.se\/orientering\/wp-json\/wp\/v2\/posts"}],"about":[{"href":"https:\/\/www.ifmarinvast.se\/orientering\/wp-json\/wp\/v2\/types\/post"}],"author":[{"embeddable":true,"href":"https:\/\/www.ifmarinvast.se\/orientering\/wp-json\/wp\/v2\/users\/2"}],"replies":[{"embeddable":true,"href":"https:\/\/www.ifmarinvast.se\/orientering\/wp-json\/wp\/v2\/comments?post=513"}],"version-history":[{"count":1,"href":"https:\/\/www.ifmarinvast.se\/orientering\/wp-json\/wp\/v2\/posts\/513\/revisions"}],"predecessor-version":[{"id":1639,"href":"https:\/\/www.ifmarinvast.se\/orientering\/wp-json\/wp\/v2\/posts\/513\/revisions\/1639"}],"wp:attachment":[{"href":"https:\/\/www.ifmarinvast.se\/orientering\/wp-json\/wp\/v2\/media?parent=513"}],"wp:term":[{"taxonomy":"category","embeddable":true,"href":"https:\/\/www.ifmarinvast.se\/orientering\/wp-json\/wp\/v2\/categories?post=513"},{"taxonomy":"post_tag","embeddable":true,"href":"https:\/\/www.ifmarinvast.se\/orientering\/wp-json\/wp\/v2\/tags?post=513"}],"curies":[{"name":"wp","href":"https:\/\/api.w.org\/{rel}","templated":true}]}}