{"id":512,"date":"2003-04-26T00:00:00","date_gmt":"2003-04-25T22:00:00","guid":{"rendered":"http:\/\/ifmarinvast.se\/2016\/fett-klubboende-pa-o-ringen\/"},"modified":"2015-10-11T14:46:59","modified_gmt":"2015-10-11T12:46:59","slug":"fett-klubboende-pa-o-ringen","status":"publish","type":"post","link":"https:\/\/www.ifmarinvast.se\/orientering\/fett-klubboende-pa-o-ringen\/","title":{"rendered":"Fett klubboende p\u00e5 O-Ringen!"},"content":{"rendered":"<p>V\u00e5r O-Ringenboendesamordnare Anita meddelar att HAIF-stugan i Uddevalla \u00e4r redo att bli stormad av IFMV under O-Ringen. Stugan har allt som man vill ha: K\u00f6k, tv\u00e4ttmaskin, dusch, g\u00e5ngavst\u00e5nd till bad, cykelavst\u00e5nd till TC, etc.<\/p>\n<p>Om n\u00e5gon tycker att detta l\u00e5ter trevligt och inte har anm\u00e4lt sig, g\u00e5r det kanske att &#8217;kn\u00f6 in n\u00e5gon\/n\u00e5gra fler&#8217;.<\/p>\n<p>Ni som har ordnat annat boende \u00e4r naturligtvis v\u00e4lkomna till denna perfekt samlingsplats f\u00f6r lite &#8217;socialt umg\u00e4nge&#8217;.<\/p>\n<p>L\u00e4s mer om boendet p\u00e5 <a href='http:\/\/www.ifmv.nu\/aktuellt\/oringen2003\/'>v\u00e5r O-Ringensida<\/a>.<\/p>\n","protected":false},"excerpt":{"rendered":"<p>V\u00e5r O-Ringenboendesamordnare Anita meddelar att HAIF-stugan i Uddevalla \u00e4r redo att bli stormad av IFMV under O-Ringen. Stugan har allt som man vill ha: K\u00f6k, tv\u00e4ttmaskin, dusch, g\u00e5ngavst\u00e5nd till bad, [&hellip;]<\/p>\n","protected":false},"author":2,"featured_media":0,"comment_status":"open","ping_status":"open","sticky":false,"template":"","format":"standard","meta":{"footnotes":""},"categories":[262,1],"tags":[],"class_list":["post-512","post","type-post","status-publish","format-standard","hentry","category-nyheter","category-okategoriserade"],"_links":{"self":[{"href":"https:\/\/www.ifmarinvast.se\/orientering\/wp-json\/wp\/v2\/posts\/512","targetHints":{"allow":["GET"]}}],"collection":[{"href":"https:\/\/www.ifmarinvast.se\/orientering\/wp-json\/wp\/v2\/posts"}],"about":[{"href":"https:\/\/www.ifmarinvast.se\/orientering\/wp-json\/wp\/v2\/types\/post"}],"author":[{"embeddable":true,"href":"https:\/\/www.ifmarinvast.se\/orientering\/wp-json\/wp\/v2\/users\/2"}],"replies":[{"embeddable":true,"href":"https:\/\/www.ifmarinvast.se\/orientering\/wp-json\/wp\/v2\/comments?post=512"}],"version-history":[{"count":1,"href":"https:\/\/www.ifmarinvast.se\/orientering\/wp-json\/wp\/v2\/posts\/512\/revisions"}],"predecessor-version":[{"id":1638,"href":"https:\/\/www.ifmarinvast.se\/orientering\/wp-json\/wp\/v2\/posts\/512\/revisions\/1638"}],"wp:attachment":[{"href":"https:\/\/www.ifmarinvast.se\/orientering\/wp-json\/wp\/v2\/media?parent=512"}],"wp:term":[{"taxonomy":"category","embeddable":true,"href":"https:\/\/www.ifmarinvast.se\/orientering\/wp-json\/wp\/v2\/categories?post=512"},{"taxonomy":"post_tag","embeddable":true,"href":"https:\/\/www.ifmarinvast.se\/orientering\/wp-json\/wp\/v2\/tags?post=512"}],"curies":[{"name":"wp","href":"https:\/\/api.w.org\/{rel}","templated":true}]}}