{"id":5117,"date":"2018-10-02T13:42:41","date_gmt":"2018-10-02T11:42:41","guid":{"rendered":"http:\/\/www.ifmarinvast.se\/orientering\/?p=5117"},"modified":"2018-10-02T15:31:00","modified_gmt":"2018-10-02T13:31:00","slug":"idag-borjar-loptraningarna-i-pavelund","status":"publish","type":"post","link":"https:\/\/www.ifmarinvast.se\/orientering\/idag-borjar-loptraningarna-i-pavelund\/","title":{"rendered":"Idag 2 oktober b\u00f6rjar l\u00f6ptr\u00e4ningarna i P\u00e5velund"},"content":{"rendered":"<p>Samling kl 18.00 p\u00e5 vanliga st\u00e4llet vid P\u00e5velunds Motionscentral. OBS! Viktigt att vara d\u00e4r i tid eftersom vi springer iv\u00e4g gemensamt.<\/p>\n<p>L\u00f6ptr\u00e4ningarna forts\u00e4tter p\u00e5 tisdagarna till och med den 23 oktober.<br \/>\n<a href=\"https:\/\/www.ifmarinvast.se\/orientering\/kalender\/2018-10\/\">https:\/\/www.ifmarinvast.se\/orientering\/kalender\/2018-10\/<\/a><\/p>\n","protected":false},"excerpt":{"rendered":"<p>Samling kl 18.00 p\u00e5 vanliga st\u00e4llet vid P\u00e5velunds Motionscentral. OBS! Viktigt att vara d\u00e4r i tid eftersom vi springer iv\u00e4g gemensamt. L\u00f6ptr\u00e4ningarna forts\u00e4tter p\u00e5 tisdagarna till och med den 23 [&hellip;]<\/p>\n","protected":false},"author":4,"featured_media":0,"comment_status":"open","ping_status":"closed","sticky":false,"template":"","format":"standard","meta":{"footnotes":""},"categories":[262],"tags":[],"class_list":["post-5117","post","type-post","status-publish","format-standard","hentry","category-nyheter"],"_links":{"self":[{"href":"https:\/\/www.ifmarinvast.se\/orientering\/wp-json\/wp\/v2\/posts\/5117","targetHints":{"allow":["GET"]}}],"collection":[{"href":"https:\/\/www.ifmarinvast.se\/orientering\/wp-json\/wp\/v2\/posts"}],"about":[{"href":"https:\/\/www.ifmarinvast.se\/orientering\/wp-json\/wp\/v2\/types\/post"}],"author":[{"embeddable":true,"href":"https:\/\/www.ifmarinvast.se\/orientering\/wp-json\/wp\/v2\/users\/4"}],"replies":[{"embeddable":true,"href":"https:\/\/www.ifmarinvast.se\/orientering\/wp-json\/wp\/v2\/comments?post=5117"}],"version-history":[{"count":4,"href":"https:\/\/www.ifmarinvast.se\/orientering\/wp-json\/wp\/v2\/posts\/5117\/revisions"}],"predecessor-version":[{"id":5122,"href":"https:\/\/www.ifmarinvast.se\/orientering\/wp-json\/wp\/v2\/posts\/5117\/revisions\/5122"}],"wp:attachment":[{"href":"https:\/\/www.ifmarinvast.se\/orientering\/wp-json\/wp\/v2\/media?parent=5117"}],"wp:term":[{"taxonomy":"category","embeddable":true,"href":"https:\/\/www.ifmarinvast.se\/orientering\/wp-json\/wp\/v2\/categories?post=5117"},{"taxonomy":"post_tag","embeddable":true,"href":"https:\/\/www.ifmarinvast.se\/orientering\/wp-json\/wp\/v2\/tags?post=5117"}],"curies":[{"name":"wp","href":"https:\/\/api.w.org\/{rel}","templated":true}]}}