{"id":5113,"date":"2018-09-24T17:37:46","date_gmt":"2018-09-24T15:37:46","guid":{"rendered":"http:\/\/www.ifmarinvast.se\/orientering\/?p=5113"},"modified":"2018-09-24T17:37:46","modified_gmt":"2018-09-24T15:37:46","slug":"tisdag-25-september-blir-det-raven-i-pavelund","status":"publish","type":"post","link":"https:\/\/www.ifmarinvast.se\/orientering\/tisdag-25-september-blir-det-raven-i-pavelund\/","title":{"rendered":"Tisdag 25 september blir det R\u00e4ven i P\u00e5velund"},"content":{"rendered":"<p>P\u00e5 tisdag den 25 september blir det sista tr\u00e4ningen med OL-fokus. Samling kl 18.00 i P\u00e5velund. Det blir R\u00e4ven med banor f\u00f6r alla h\u00e4lsar Karin. Vi tr\u00e4nar kartkontakt och snabba riktningsbyten.<\/p>\n<p>(Veckan efter ses vi \u00e5ter i P\u00e5velund, men d\u00e5 blir det fokus l\u00f6ptr\u00e4ning.)<\/p>\n","protected":false},"excerpt":{"rendered":"<p>P\u00e5 tisdag den 25 september blir det sista tr\u00e4ningen med OL-fokus. Samling kl 18.00 i P\u00e5velund. Det blir R\u00e4ven med banor f\u00f6r alla h\u00e4lsar Karin. Vi tr\u00e4nar kartkontakt och snabba [&hellip;]<\/p>\n","protected":false},"author":4,"featured_media":0,"comment_status":"open","ping_status":"closed","sticky":false,"template":"","format":"standard","meta":{"footnotes":""},"categories":[262],"tags":[],"class_list":["post-5113","post","type-post","status-publish","format-standard","hentry","category-nyheter"],"_links":{"self":[{"href":"https:\/\/www.ifmarinvast.se\/orientering\/wp-json\/wp\/v2\/posts\/5113","targetHints":{"allow":["GET"]}}],"collection":[{"href":"https:\/\/www.ifmarinvast.se\/orientering\/wp-json\/wp\/v2\/posts"}],"about":[{"href":"https:\/\/www.ifmarinvast.se\/orientering\/wp-json\/wp\/v2\/types\/post"}],"author":[{"embeddable":true,"href":"https:\/\/www.ifmarinvast.se\/orientering\/wp-json\/wp\/v2\/users\/4"}],"replies":[{"embeddable":true,"href":"https:\/\/www.ifmarinvast.se\/orientering\/wp-json\/wp\/v2\/comments?post=5113"}],"version-history":[{"count":1,"href":"https:\/\/www.ifmarinvast.se\/orientering\/wp-json\/wp\/v2\/posts\/5113\/revisions"}],"predecessor-version":[{"id":5114,"href":"https:\/\/www.ifmarinvast.se\/orientering\/wp-json\/wp\/v2\/posts\/5113\/revisions\/5114"}],"wp:attachment":[{"href":"https:\/\/www.ifmarinvast.se\/orientering\/wp-json\/wp\/v2\/media?parent=5113"}],"wp:term":[{"taxonomy":"category","embeddable":true,"href":"https:\/\/www.ifmarinvast.se\/orientering\/wp-json\/wp\/v2\/categories?post=5113"},{"taxonomy":"post_tag","embeddable":true,"href":"https:\/\/www.ifmarinvast.se\/orientering\/wp-json\/wp\/v2\/tags?post=5113"}],"curies":[{"name":"wp","href":"https:\/\/api.w.org\/{rel}","templated":true}]}}