{"id":511,"date":"2014-07-21T19:35:39","date_gmt":"2014-07-21T17:35:39","guid":{"rendered":"http:\/\/ifmvorientering.wordpress.com\/?p=511"},"modified":"2015-10-11T14:13:54","modified_gmt":"2015-10-11T12:13:54","slug":"middag-i-ahus-boendet","status":"publish","type":"post","link":"https:\/\/www.ifmarinvast.se\/orientering\/middag-i-ahus-boendet\/","title":{"rendered":"Middag i \u00c5hus-boendet"},"content":{"rendered":"<p>Alla \u00e4r glada och hungriga efter etapp 2 i \u00f6stra G\u00f6inge. <\/p>\n<p><a href=\"https:\/\/ifmvorientering.files.wordpress.com\/2014\/07\/wpid-dsc_0054.jpg\"><img decoding=\"async\" title=\"DSC_0054.JPG\" class=\"alignnone size-full\" alt=\"image\" src=\"https:\/\/ifmvorientering.files.wordpress.com\/2014\/07\/wpid-dsc_0054.jpg\" \/><\/a><\/p>\n","protected":false},"excerpt":{"rendered":"<p>Middag, klubbboende, E2<\/p>\n","protected":false},"author":2,"featured_media":0,"comment_status":"open","ping_status":"open","sticky":false,"template":"","format":"standard","meta":{"footnotes":""},"categories":[263],"tags":[270],"class_list":["post-511","post","type-post","status-publish","format-standard","hentry","category-bloggen","tag-o-ringen-skane-2014"],"_links":{"self":[{"href":"https:\/\/www.ifmarinvast.se\/orientering\/wp-json\/wp\/v2\/posts\/511","targetHints":{"allow":["GET"]}}],"collection":[{"href":"https:\/\/www.ifmarinvast.se\/orientering\/wp-json\/wp\/v2\/posts"}],"about":[{"href":"https:\/\/www.ifmarinvast.se\/orientering\/wp-json\/wp\/v2\/types\/post"}],"author":[{"embeddable":true,"href":"https:\/\/www.ifmarinvast.se\/orientering\/wp-json\/wp\/v2\/users\/2"}],"replies":[{"embeddable":true,"href":"https:\/\/www.ifmarinvast.se\/orientering\/wp-json\/wp\/v2\/comments?post=511"}],"version-history":[{"count":1,"href":"https:\/\/www.ifmarinvast.se\/orientering\/wp-json\/wp\/v2\/posts\/511\/revisions"}],"predecessor-version":[{"id":3015,"href":"https:\/\/www.ifmarinvast.se\/orientering\/wp-json\/wp\/v2\/posts\/511\/revisions\/3015"}],"wp:attachment":[{"href":"https:\/\/www.ifmarinvast.se\/orientering\/wp-json\/wp\/v2\/media?parent=511"}],"wp:term":[{"taxonomy":"category","embeddable":true,"href":"https:\/\/www.ifmarinvast.se\/orientering\/wp-json\/wp\/v2\/categories?post=511"},{"taxonomy":"post_tag","embeddable":true,"href":"https:\/\/www.ifmarinvast.se\/orientering\/wp-json\/wp\/v2\/tags?post=511"}],"curies":[{"name":"wp","href":"https:\/\/api.w.org\/{rel}","templated":true}]}}