{"id":508,"date":"2014-07-21T18:26:14","date_gmt":"2014-07-21T16:26:14","guid":{"rendered":"http:\/\/ifmvorientering.wordpress.com\/?p=508"},"modified":"2015-10-11T14:13:54","modified_gmt":"2015-10-11T12:13:54","slug":"talt-och-vimpel-redo-for-e3-i-friseboda","status":"publish","type":"post","link":"https:\/\/www.ifmarinvast.se\/orientering\/talt-och-vimpel-redo-for-e3-i-friseboda\/","title":{"rendered":"T\u00e4lt och vimpel redo f\u00f6r E3 i Friseboda"},"content":{"rendered":"<p>M\u00e5ndagens E2 \u00e4r slut och t\u00e4lt och vimpel har direkt flyttat till n\u00e4sta etapp i Friseboda. I morgon kommer vi hit och springer medeldistans.<\/p>\n<p><a href=\"https:\/\/ifmvorientering.files.wordpress.com\/2014\/07\/wpid-20140721_1744092.jpg\"><img decoding=\"async\" class=\"alignnone size-full\" title=\"20140721_174409.jpg\" src=\"https:\/\/ifmvorientering.files.wordpress.com\/2014\/07\/wpid-20140721_1744091.jpg\" alt=\"image\" \/><\/a><\/p>\n<p>H\u00e4r sitter vi p\u00e5 E3:<\/p>\n<p><a href=\"https:\/\/ifmvorientering.files.wordpress.com\/2014\/07\/wpid-20140721_1745431.jpg\"><img decoding=\"async\" class=\"alignnone size-full\" title=\"20140721_174543.jpg\" src=\"https:\/\/ifmvorientering.files.wordpress.com\/2014\/07\/wpid-20140721_174543.jpg\" alt=\"image\" \/><\/a><\/p>\n","protected":false},"excerpt":{"rendered":"<p>M\u00e5ndagens E2 \u00e4r slut och t\u00e4lt och vimpel har direkt flyttat till n\u00e4sta etapp i Friseboda. I morgon kommer vi hit och springer medeldistans. H\u00e4r sitter vi p\u00e5 E3:<\/p>\n","protected":false},"author":2,"featured_media":0,"comment_status":"open","ping_status":"open","sticky":false,"template":"","format":"standard","meta":{"footnotes":""},"categories":[263],"tags":[270],"class_list":["post-508","post","type-post","status-publish","format-standard","hentry","category-bloggen","tag-o-ringen-skane-2014"],"_links":{"self":[{"href":"https:\/\/www.ifmarinvast.se\/orientering\/wp-json\/wp\/v2\/posts\/508","targetHints":{"allow":["GET"]}}],"collection":[{"href":"https:\/\/www.ifmarinvast.se\/orientering\/wp-json\/wp\/v2\/posts"}],"about":[{"href":"https:\/\/www.ifmarinvast.se\/orientering\/wp-json\/wp\/v2\/types\/post"}],"author":[{"embeddable":true,"href":"https:\/\/www.ifmarinvast.se\/orientering\/wp-json\/wp\/v2\/users\/2"}],"replies":[{"embeddable":true,"href":"https:\/\/www.ifmarinvast.se\/orientering\/wp-json\/wp\/v2\/comments?post=508"}],"version-history":[{"count":1,"href":"https:\/\/www.ifmarinvast.se\/orientering\/wp-json\/wp\/v2\/posts\/508\/revisions"}],"predecessor-version":[{"id":3016,"href":"https:\/\/www.ifmarinvast.se\/orientering\/wp-json\/wp\/v2\/posts\/508\/revisions\/3016"}],"wp:attachment":[{"href":"https:\/\/www.ifmarinvast.se\/orientering\/wp-json\/wp\/v2\/media?parent=508"}],"wp:term":[{"taxonomy":"category","embeddable":true,"href":"https:\/\/www.ifmarinvast.se\/orientering\/wp-json\/wp\/v2\/categories?post=508"},{"taxonomy":"post_tag","embeddable":true,"href":"https:\/\/www.ifmarinvast.se\/orientering\/wp-json\/wp\/v2\/tags?post=508"}],"curies":[{"name":"wp","href":"https:\/\/api.w.org\/{rel}","templated":true}]}}