{"id":5074,"date":"2018-09-03T11:08:35","date_gmt":"2018-09-03T09:08:35","guid":{"rendered":"http:\/\/www.ifmarinvast.se\/orientering\/?p=5074"},"modified":"2018-09-03T11:08:35","modified_gmt":"2018-09-03T09:08:35","slug":"8-och-29-september-fixar-dag-i-klubbstugan-orientering-for-ungdomarna","status":"publish","type":"post","link":"https:\/\/www.ifmarinvast.se\/orientering\/8-och-29-september-fixar-dag-i-klubbstugan-orientering-for-ungdomarna\/","title":{"rendered":"8 och 29 september &#8211; Fixar-dag i klubbstugan + orientering f\u00f6r ungdomarna"},"content":{"rendered":"<p>Den 8 och 29 september ses vi i klubbstugan. D\u00e5 skall vi klippa gr\u00e4set, s\u00e5ga grenar, m\u00e5la lite, st\u00e4da stugan och pyssla om v\u00e5ra kontrollsk\u00e4rmar m.m. Det kommer att finnas n\u00e5got f\u00f6r alla att g\u00f6ra. All utrustning finns men ta g\u00e4rna med egna handskar. Det kommer att finnas mat. Vi slutar senast kl 15.00 men all hj\u00e4lp kort eller l\u00e5ng v\u00e4lkomnas.<\/p>\n<p><strong>Orienteringstr\u00e4ning f\u00f6r ungdomarna<\/strong><\/p>\n<p>Dessutom arrangeras samtidigt vid klubbstugan orientering f\u00f6r barn och ungdomar.<\/p>\n<p><strong>Anm\u00e4lan<\/strong> g\u00f6rs till <a href=\"mailto:jan-olov.akersten@volvo.com\">jan-olov.akersten@volvo.com<\/a> senast tv\u00e5 dagar innan.<\/p>\n<p>Samling klockan 10:00 vid vakten, s\u00e5 g\u00e5r\/\u00e5ker vi gemensamt upp till klubbtugan.<\/p>\n<p>(Fixardagen \u00e4r en bra m\u00f6jlighet att hj\u00e4lpa klubben f\u00f6r er som inte varit med och hj\u00e4lpt till p\u00e5 n\u00e5got av v\u00e5ra arrangemang.)<\/p>\n","protected":false},"excerpt":{"rendered":"<p>Den 8 och 29 september ses vi i klubbstugan. D\u00e5 skall vi klippa gr\u00e4set, s\u00e5ga grenar, m\u00e5la lite, st\u00e4da stugan och pyssla om v\u00e5ra kontrollsk\u00e4rmar m.m. Det kommer att finnas [&hellip;]<\/p>\n","protected":false},"author":4,"featured_media":0,"comment_status":"open","ping_status":"closed","sticky":false,"template":"","format":"standard","meta":{"footnotes":""},"categories":[262],"tags":[],"class_list":["post-5074","post","type-post","status-publish","format-standard","hentry","category-nyheter"],"_links":{"self":[{"href":"https:\/\/www.ifmarinvast.se\/orientering\/wp-json\/wp\/v2\/posts\/5074","targetHints":{"allow":["GET"]}}],"collection":[{"href":"https:\/\/www.ifmarinvast.se\/orientering\/wp-json\/wp\/v2\/posts"}],"about":[{"href":"https:\/\/www.ifmarinvast.se\/orientering\/wp-json\/wp\/v2\/types\/post"}],"author":[{"embeddable":true,"href":"https:\/\/www.ifmarinvast.se\/orientering\/wp-json\/wp\/v2\/users\/4"}],"replies":[{"embeddable":true,"href":"https:\/\/www.ifmarinvast.se\/orientering\/wp-json\/wp\/v2\/comments?post=5074"}],"version-history":[{"count":2,"href":"https:\/\/www.ifmarinvast.se\/orientering\/wp-json\/wp\/v2\/posts\/5074\/revisions"}],"predecessor-version":[{"id":5076,"href":"https:\/\/www.ifmarinvast.se\/orientering\/wp-json\/wp\/v2\/posts\/5074\/revisions\/5076"}],"wp:attachment":[{"href":"https:\/\/www.ifmarinvast.se\/orientering\/wp-json\/wp\/v2\/media?parent=5074"}],"wp:term":[{"taxonomy":"category","embeddable":true,"href":"https:\/\/www.ifmarinvast.se\/orientering\/wp-json\/wp\/v2\/categories?post=5074"},{"taxonomy":"post_tag","embeddable":true,"href":"https:\/\/www.ifmarinvast.se\/orientering\/wp-json\/wp\/v2\/tags?post=5074"}],"curies":[{"name":"wp","href":"https:\/\/api.w.org\/{rel}","templated":true}]}}