{"id":5050,"date":"2018-08-24T16:10:01","date_gmt":"2018-08-24T14:10:01","guid":{"rendered":"http:\/\/www.ifmarinvast.se\/orientering\/?p=5050"},"modified":"2018-08-24T16:11:33","modified_gmt":"2018-08-24T14:11:33","slug":"samling-i-pavelund-pa-tisdagstraningen-den-28-augusti","status":"publish","type":"post","link":"https:\/\/www.ifmarinvast.se\/orientering\/samling-i-pavelund-pa-tisdagstraningen-den-28-augusti\/","title":{"rendered":"Samling i P\u00e5velund p\u00e5 tisdagstr\u00e4ningen den 28 augusti"},"content":{"rendered":"<p>Tisdagstr\u00e4ningen nu p\u00e5 tisdag den 28 augusti har samlingsplats vid P\u00e5velunds Motionscentral. Start fr\u00e5n kl 18. Lite annorlunda tr\u00e4ning f\u00f6r alla niv\u00e5er h\u00e4lsar G\u00f6sta.<\/p>\n","protected":false},"excerpt":{"rendered":"<p>Tisdagstr\u00e4ningen nu p\u00e5 tisdag den 28 augusti har samlingsplats vid P\u00e5velunds Motionscentral. Start fr\u00e5n kl 18. Lite annorlunda tr\u00e4ning f\u00f6r alla niv\u00e5er h\u00e4lsar G\u00f6sta.<\/p>\n","protected":false},"author":4,"featured_media":0,"comment_status":"open","ping_status":"closed","sticky":false,"template":"","format":"standard","meta":{"footnotes":""},"categories":[262],"tags":[],"class_list":["post-5050","post","type-post","status-publish","format-standard","hentry","category-nyheter"],"_links":{"self":[{"href":"https:\/\/www.ifmarinvast.se\/orientering\/wp-json\/wp\/v2\/posts\/5050","targetHints":{"allow":["GET"]}}],"collection":[{"href":"https:\/\/www.ifmarinvast.se\/orientering\/wp-json\/wp\/v2\/posts"}],"about":[{"href":"https:\/\/www.ifmarinvast.se\/orientering\/wp-json\/wp\/v2\/types\/post"}],"author":[{"embeddable":true,"href":"https:\/\/www.ifmarinvast.se\/orientering\/wp-json\/wp\/v2\/users\/4"}],"replies":[{"embeddable":true,"href":"https:\/\/www.ifmarinvast.se\/orientering\/wp-json\/wp\/v2\/comments?post=5050"}],"version-history":[{"count":2,"href":"https:\/\/www.ifmarinvast.se\/orientering\/wp-json\/wp\/v2\/posts\/5050\/revisions"}],"predecessor-version":[{"id":5054,"href":"https:\/\/www.ifmarinvast.se\/orientering\/wp-json\/wp\/v2\/posts\/5050\/revisions\/5054"}],"wp:attachment":[{"href":"https:\/\/www.ifmarinvast.se\/orientering\/wp-json\/wp\/v2\/media?parent=5050"}],"wp:term":[{"taxonomy":"category","embeddable":true,"href":"https:\/\/www.ifmarinvast.se\/orientering\/wp-json\/wp\/v2\/categories?post=5050"},{"taxonomy":"post_tag","embeddable":true,"href":"https:\/\/www.ifmarinvast.se\/orientering\/wp-json\/wp\/v2\/tags?post=5050"}],"curies":[{"name":"wp","href":"https:\/\/api.w.org\/{rel}","templated":true}]}}