{"id":5031,"date":"2018-08-13T15:40:51","date_gmt":"2018-08-13T13:40:51","guid":{"rendered":"http:\/\/www.ifmarinvast.se\/orientering\/?p=5031"},"modified":"2018-08-13T15:40:51","modified_gmt":"2018-08-13T13:40:51","slug":"nu-borjar-snart-tisdagstraningarna-igen","status":"publish","type":"post","link":"https:\/\/www.ifmarinvast.se\/orientering\/nu-borjar-snart-tisdagstraningarna-igen\/","title":{"rendered":"Nu b\u00f6rjar snart tisdagstr\u00e4ningarna igen"},"content":{"rendered":"<p>Tisdagen den 21 augusti b\u00f6rjar tisdagstr\u00e4ningarna igen efter sommaruppeh\u00e5llet. Start fr\u00e5n kl 17. Samling vid Ruddalens motionscentral.<\/p>\n","protected":false},"excerpt":{"rendered":"<p>Tisdagen den 21 augusti b\u00f6rjar tisdagstr\u00e4ningarna igen efter sommaruppeh\u00e5llet. Start fr\u00e5n kl 17. Samling vid Ruddalens motionscentral.<\/p>\n","protected":false},"author":4,"featured_media":0,"comment_status":"open","ping_status":"closed","sticky":false,"template":"","format":"standard","meta":{"footnotes":""},"categories":[262],"tags":[],"class_list":["post-5031","post","type-post","status-publish","format-standard","hentry","category-nyheter"],"_links":{"self":[{"href":"https:\/\/www.ifmarinvast.se\/orientering\/wp-json\/wp\/v2\/posts\/5031","targetHints":{"allow":["GET"]}}],"collection":[{"href":"https:\/\/www.ifmarinvast.se\/orientering\/wp-json\/wp\/v2\/posts"}],"about":[{"href":"https:\/\/www.ifmarinvast.se\/orientering\/wp-json\/wp\/v2\/types\/post"}],"author":[{"embeddable":true,"href":"https:\/\/www.ifmarinvast.se\/orientering\/wp-json\/wp\/v2\/users\/4"}],"replies":[{"embeddable":true,"href":"https:\/\/www.ifmarinvast.se\/orientering\/wp-json\/wp\/v2\/comments?post=5031"}],"version-history":[{"count":1,"href":"https:\/\/www.ifmarinvast.se\/orientering\/wp-json\/wp\/v2\/posts\/5031\/revisions"}],"predecessor-version":[{"id":5032,"href":"https:\/\/www.ifmarinvast.se\/orientering\/wp-json\/wp\/v2\/posts\/5031\/revisions\/5032"}],"wp:attachment":[{"href":"https:\/\/www.ifmarinvast.se\/orientering\/wp-json\/wp\/v2\/media?parent=5031"}],"wp:term":[{"taxonomy":"category","embeddable":true,"href":"https:\/\/www.ifmarinvast.se\/orientering\/wp-json\/wp\/v2\/categories?post=5031"},{"taxonomy":"post_tag","embeddable":true,"href":"https:\/\/www.ifmarinvast.se\/orientering\/wp-json\/wp\/v2\/tags?post=5031"}],"curies":[{"name":"wp","href":"https:\/\/api.w.org\/{rel}","templated":true}]}}