{"id":5010,"date":"2018-06-05T10:22:45","date_gmt":"2018-06-05T08:22:45","guid":{"rendered":"http:\/\/www.ifmarinvast.se\/orientering\/?p=5010"},"modified":"2018-06-05T10:22:45","modified_gmt":"2018-06-05T08:22:45","slug":"dags-for-varavslutning-2","status":"publish","type":"post","link":"https:\/\/www.ifmarinvast.se\/orientering\/dags-for-varavslutning-2\/","title":{"rendered":"Dags f\u00f6r v\u00e5ravslutning"},"content":{"rendered":"<div class=\"entry-content\">\n<p>S\u00f6ndagen den 10 juni kl 11.00 \u00e4r det dags f\u00f6r v\u00e5ravslutningen p\u00e5 orienteringss\u00e4songen. Lite orienteringsaktiviteter, lite grillning lite lek, lite prisutdelning och lite korvgrillning utlovas. Vi h\u00e5ller p\u00e5 i ca 2 h.<\/p>\n<p>Samling: Torpadammen H\u00f6gsboh\u00f6jd. Vid Elins G\u00e5rd. <a href=\"https:\/\/www.google.com\/maps\/place\/Hundrastg%C3%A5rden+H%C3%B6gsboh%C3%B6jd\/@57.6687044,11.9110932,14z\/data=%214m5%213m4%211s0x0:0x4644b9ee6be9004f%218m2%213d57.6696652%214d11.9196457?hl=en-SE\">Samlingsplats<\/a><\/p>\n<p>Parkeringsm\u00f6jlighet: fri parkering i fyra timmar p\u00e5 Fyrktorget (vid Hemk\u00f6p)<\/p>\n<p>Anm\u00e4l senast den 8 juni till <a href=\"mailto:margareta@once.nu\">margareta@once.nu<\/a>, s\u00e5 vi vet hur mycket korv och annat vi ska fixa!<\/p>\n<\/div>\n","protected":false},"excerpt":{"rendered":"<p>S\u00f6ndagen den 10 juni kl 11.00 \u00e4r det dags f\u00f6r v\u00e5ravslutningen p\u00e5 orienteringss\u00e4songen. Lite orienteringsaktiviteter, lite grillning lite lek, lite prisutdelning och lite korvgrillning utlovas. Vi h\u00e5ller p\u00e5 i ca [&hellip;]<\/p>\n","protected":false},"author":4,"featured_media":0,"comment_status":"open","ping_status":"closed","sticky":false,"template":"","format":"standard","meta":{"footnotes":""},"categories":[262],"tags":[],"class_list":["post-5010","post","type-post","status-publish","format-standard","hentry","category-nyheter"],"_links":{"self":[{"href":"https:\/\/www.ifmarinvast.se\/orientering\/wp-json\/wp\/v2\/posts\/5010","targetHints":{"allow":["GET"]}}],"collection":[{"href":"https:\/\/www.ifmarinvast.se\/orientering\/wp-json\/wp\/v2\/posts"}],"about":[{"href":"https:\/\/www.ifmarinvast.se\/orientering\/wp-json\/wp\/v2\/types\/post"}],"author":[{"embeddable":true,"href":"https:\/\/www.ifmarinvast.se\/orientering\/wp-json\/wp\/v2\/users\/4"}],"replies":[{"embeddable":true,"href":"https:\/\/www.ifmarinvast.se\/orientering\/wp-json\/wp\/v2\/comments?post=5010"}],"version-history":[{"count":1,"href":"https:\/\/www.ifmarinvast.se\/orientering\/wp-json\/wp\/v2\/posts\/5010\/revisions"}],"predecessor-version":[{"id":5011,"href":"https:\/\/www.ifmarinvast.se\/orientering\/wp-json\/wp\/v2\/posts\/5010\/revisions\/5011"}],"wp:attachment":[{"href":"https:\/\/www.ifmarinvast.se\/orientering\/wp-json\/wp\/v2\/media?parent=5010"}],"wp:term":[{"taxonomy":"category","embeddable":true,"href":"https:\/\/www.ifmarinvast.se\/orientering\/wp-json\/wp\/v2\/categories?post=5010"},{"taxonomy":"post_tag","embeddable":true,"href":"https:\/\/www.ifmarinvast.se\/orientering\/wp-json\/wp\/v2\/tags?post=5010"}],"curies":[{"name":"wp","href":"https:\/\/api.w.org\/{rel}","templated":true}]}}