{"id":5004,"date":"2018-06-04T11:21:06","date_gmt":"2018-06-04T09:21:06","guid":{"rendered":"http:\/\/www.ifmarinvast.se\/orientering\/?p=5004"},"modified":"2018-06-04T11:21:06","modified_gmt":"2018-06-04T09:21:06","slug":"sommarcup-i-ruddalen-pa-torsdag","status":"publish","type":"post","link":"https:\/\/www.ifmarinvast.se\/orientering\/sommarcup-i-ruddalen-pa-torsdag\/","title":{"rendered":"Sommarcup i Ruddalen p\u00e5 torsdag"},"content":{"rendered":"<p>Nu p\u00e5 torsdag den 7 juni arrangerar IF Marin V\u00e4st Sommarcupen i Ruddalen. Samling vid Ruddalens motionscentral. Start fr\u00e5n ca 17.30 och en timma fram\u00e5t.<\/p>\n<h3>Banor och banl\u00e4ngder<\/h3>\n<p>Vit 1,9 km<br \/>\nGul 2,7 km<br \/>\nOrange 3,6 km<br \/>\nSvart kort 3,4 km<br \/>\nSvart l\u00e5ng 4,8 km<\/p>\n<h3>Anm\u00e4l dig helst via Eventor<\/h3>\n<p>F\u00f6r att garantera att det finns en karta n\u00e4r du kommer vill vi helst att du anm\u00e4ler dig via Eventor! SportIdent p\u00e5 alla kontroller, s\u00e5 ta med SI-pinnen!<\/p>\n<p><a href=\"https:\/\/eventor.orientering.se\/Events\/Show\/22418\">https:\/\/eventor.orientering.se\/Events\/Show\/22418<\/a><\/p>\n","protected":false},"excerpt":{"rendered":"<p>Nu p\u00e5 torsdag den 7 juni arrangerar IF Marin V\u00e4st Sommarcupen i Ruddalen. Samling vid Ruddalens motionscentral. Start fr\u00e5n ca 17.30 och en timma fram\u00e5t. Banor och banl\u00e4ngder Vit 1,9 [&hellip;]<\/p>\n","protected":false},"author":4,"featured_media":0,"comment_status":"open","ping_status":"closed","sticky":false,"template":"","format":"standard","meta":{"footnotes":""},"categories":[262],"tags":[],"class_list":["post-5004","post","type-post","status-publish","format-standard","hentry","category-nyheter"],"_links":{"self":[{"href":"https:\/\/www.ifmarinvast.se\/orientering\/wp-json\/wp\/v2\/posts\/5004","targetHints":{"allow":["GET"]}}],"collection":[{"href":"https:\/\/www.ifmarinvast.se\/orientering\/wp-json\/wp\/v2\/posts"}],"about":[{"href":"https:\/\/www.ifmarinvast.se\/orientering\/wp-json\/wp\/v2\/types\/post"}],"author":[{"embeddable":true,"href":"https:\/\/www.ifmarinvast.se\/orientering\/wp-json\/wp\/v2\/users\/4"}],"replies":[{"embeddable":true,"href":"https:\/\/www.ifmarinvast.se\/orientering\/wp-json\/wp\/v2\/comments?post=5004"}],"version-history":[{"count":2,"href":"https:\/\/www.ifmarinvast.se\/orientering\/wp-json\/wp\/v2\/posts\/5004\/revisions"}],"predecessor-version":[{"id":5006,"href":"https:\/\/www.ifmarinvast.se\/orientering\/wp-json\/wp\/v2\/posts\/5004\/revisions\/5006"}],"wp:attachment":[{"href":"https:\/\/www.ifmarinvast.se\/orientering\/wp-json\/wp\/v2\/media?parent=5004"}],"wp:term":[{"taxonomy":"category","embeddable":true,"href":"https:\/\/www.ifmarinvast.se\/orientering\/wp-json\/wp\/v2\/categories?post=5004"},{"taxonomy":"post_tag","embeddable":true,"href":"https:\/\/www.ifmarinvast.se\/orientering\/wp-json\/wp\/v2\/tags?post=5004"}],"curies":[{"name":"wp","href":"https:\/\/api.w.org\/{rel}","templated":true}]}}