{"id":4989,"date":"2018-05-25T22:06:25","date_gmt":"2018-05-25T20:06:25","guid":{"rendered":"http:\/\/www.ifmarinvast.se\/orientering\/?p=4989"},"modified":"2018-05-25T22:06:25","modified_gmt":"2018-05-25T20:06:25","slug":"pm-lordagstraning-i-lindalen","status":"publish","type":"post","link":"https:\/\/www.ifmarinvast.se\/orientering\/pm-lordagstraning-i-lindalen\/","title":{"rendered":"PM L\u00f6rdagstr\u00e4ning i Lindalen"},"content":{"rendered":"<p>L\u00f6rdagen den 26 maj har vi l\u00f6rdagstr\u00e4ning i Lindalen. <a href=\"https:\/\/www.ifmarinvast.se\/orientering\/wp-content\/uploads\/2018\/05\/PM.pdf\">H\u00e4r finns PM f\u00f6r tr\u00e4ningen.<\/a><\/p>\n<p>&nbsp;<\/p>\n","protected":false},"excerpt":{"rendered":"<p>L\u00f6rdagen den 26 maj har vi l\u00f6rdagstr\u00e4ning i Lindalen. H\u00e4r finns PM f\u00f6r tr\u00e4ningen. &nbsp;<\/p>\n","protected":false},"author":4,"featured_media":0,"comment_status":"open","ping_status":"closed","sticky":false,"template":"","format":"standard","meta":{"footnotes":""},"categories":[262],"tags":[],"class_list":["post-4989","post","type-post","status-publish","format-standard","hentry","category-nyheter"],"_links":{"self":[{"href":"https:\/\/www.ifmarinvast.se\/orientering\/wp-json\/wp\/v2\/posts\/4989","targetHints":{"allow":["GET"]}}],"collection":[{"href":"https:\/\/www.ifmarinvast.se\/orientering\/wp-json\/wp\/v2\/posts"}],"about":[{"href":"https:\/\/www.ifmarinvast.se\/orientering\/wp-json\/wp\/v2\/types\/post"}],"author":[{"embeddable":true,"href":"https:\/\/www.ifmarinvast.se\/orientering\/wp-json\/wp\/v2\/users\/4"}],"replies":[{"embeddable":true,"href":"https:\/\/www.ifmarinvast.se\/orientering\/wp-json\/wp\/v2\/comments?post=4989"}],"version-history":[{"count":1,"href":"https:\/\/www.ifmarinvast.se\/orientering\/wp-json\/wp\/v2\/posts\/4989\/revisions"}],"predecessor-version":[{"id":4990,"href":"https:\/\/www.ifmarinvast.se\/orientering\/wp-json\/wp\/v2\/posts\/4989\/revisions\/4990"}],"wp:attachment":[{"href":"https:\/\/www.ifmarinvast.se\/orientering\/wp-json\/wp\/v2\/media?parent=4989"}],"wp:term":[{"taxonomy":"category","embeddable":true,"href":"https:\/\/www.ifmarinvast.se\/orientering\/wp-json\/wp\/v2\/categories?post=4989"},{"taxonomy":"post_tag","embeddable":true,"href":"https:\/\/www.ifmarinvast.se\/orientering\/wp-json\/wp\/v2\/tags?post=4989"}],"curies":[{"name":"wp","href":"https:\/\/api.w.org\/{rel}","templated":true}]}}