{"id":4966,"date":"2018-05-23T13:27:33","date_gmt":"2018-05-23T11:27:33","guid":{"rendered":"http:\/\/www.ifmarinvast.se\/orientering\/?p=4966"},"modified":"2018-05-23T13:27:33","modified_gmt":"2018-05-23T11:27:33","slug":"fixardag-i-klubbstugan-pa-sondag-275","status":"publish","type":"post","link":"https:\/\/www.ifmarinvast.se\/orientering\/fixardag-i-klubbstugan-pa-sondag-275\/","title":{"rendered":"Fixardag i klubbstugan p\u00e5 s\u00f6ndag 27\/5"},"content":{"rendered":"<p>Nu p\u00e5 s\u00f6ndag, den 27\/5, \u00e4r det fixardag i klubbstugan. Vi planerar att h\u00e5lla p\u00e5 fr\u00e5n 10-15 och samlas 10.00 vid grinden till garnisonen f\u00f6r gemensam inpassering. Om du kommer senare och inte blir insl\u00e4ppt s\u00e5 ringer du 0739 026404 s\u00e5 h\u00e4mtar vi vid grinden. Det blir sj\u00e4lvklart b\u00e5de <b>fika och korvgrillning f\u00f6r alla<\/b>.<\/p>\n<p>P\u00e5 arbetslistan har vi bl.a. f\u00f6ljande:<br \/>\n<u>Utv\u00e4ndigt:<\/u><\/p>\n<ul>\n<li>Klippa gr\u00e4set runt stugan<\/li>\n<li>R\u00e4fsa ihop gr\u00e4s och kvistar<\/li>\n<li>Klippa lite buskar<\/li>\n<li>M\u00e5la ytterd\u00f6rren<\/li>\n<li>Gr\u00e4va ner ett skylt f\u00e4ste<\/li>\n<\/ul>\n<p><u>Inv\u00e4ndigt:<\/u><\/p>\n<ul>\n<li>Rensa bland \u00e4ldre priser och utm\u00e4rkelser<\/li>\n<li>M\u00f6blera om och organisera kontoret<\/li>\n<li>T\u00f6mma garderober och f\u00f6rbereda k\u00f6rning till \u201dtippen\u201d<\/li>\n<li>Arkivera \u00e4ldre dokument<\/li>\n<\/ul>\n<p>Det finns n\u00e5got f\u00f6r alla \u00e5ldrar! Om du inte kan vara med hela tiden s\u00e5 t\u00e4nk p\u00e5 att varje timme \u00e4r v\u00e4rdefull!<\/p>\n","protected":false},"excerpt":{"rendered":"<p>Nu p\u00e5 s\u00f6ndag, den 27\/5, \u00e4r det fixardag i klubbstugan. Vi planerar att h\u00e5lla p\u00e5 fr\u00e5n 10-15 och samlas 10.00 vid grinden till garnisonen f\u00f6r gemensam inpassering. Om du kommer [&hellip;]<\/p>\n","protected":false},"author":4,"featured_media":0,"comment_status":"open","ping_status":"closed","sticky":false,"template":"","format":"standard","meta":{"footnotes":""},"categories":[262],"tags":[],"class_list":["post-4966","post","type-post","status-publish","format-standard","hentry","category-nyheter"],"_links":{"self":[{"href":"https:\/\/www.ifmarinvast.se\/orientering\/wp-json\/wp\/v2\/posts\/4966","targetHints":{"allow":["GET"]}}],"collection":[{"href":"https:\/\/www.ifmarinvast.se\/orientering\/wp-json\/wp\/v2\/posts"}],"about":[{"href":"https:\/\/www.ifmarinvast.se\/orientering\/wp-json\/wp\/v2\/types\/post"}],"author":[{"embeddable":true,"href":"https:\/\/www.ifmarinvast.se\/orientering\/wp-json\/wp\/v2\/users\/4"}],"replies":[{"embeddable":true,"href":"https:\/\/www.ifmarinvast.se\/orientering\/wp-json\/wp\/v2\/comments?post=4966"}],"version-history":[{"count":1,"href":"https:\/\/www.ifmarinvast.se\/orientering\/wp-json\/wp\/v2\/posts\/4966\/revisions"}],"predecessor-version":[{"id":4967,"href":"https:\/\/www.ifmarinvast.se\/orientering\/wp-json\/wp\/v2\/posts\/4966\/revisions\/4967"}],"wp:attachment":[{"href":"https:\/\/www.ifmarinvast.se\/orientering\/wp-json\/wp\/v2\/media?parent=4966"}],"wp:term":[{"taxonomy":"category","embeddable":true,"href":"https:\/\/www.ifmarinvast.se\/orientering\/wp-json\/wp\/v2\/categories?post=4966"},{"taxonomy":"post_tag","embeddable":true,"href":"https:\/\/www.ifmarinvast.se\/orientering\/wp-json\/wp\/v2\/tags?post=4966"}],"curies":[{"name":"wp","href":"https:\/\/api.w.org\/{rel}","templated":true}]}}