{"id":4950,"date":"2018-05-14T10:12:57","date_gmt":"2018-05-14T08:12:57","guid":{"rendered":"http:\/\/www.ifmarinvast.se\/orientering\/?p=4950"},"modified":"2018-05-20T20:09:52","modified_gmt":"2018-05-20T18:09:52","slug":"anmalan-till-klubbmasterskapet-senast-mandag-21-maj","status":"publish","type":"post","link":"https:\/\/www.ifmarinvast.se\/orientering\/anmalan-till-klubbmasterskapet-senast-mandag-21-maj\/","title":{"rendered":"Anm\u00e4lan till klubbm\u00e4sterskapet senast tisdag 22 maj"},"content":{"rendered":"<p>\u00c5rets klubbm\u00e4sterskap genomf\u00f6rs den 24 maj och \u00e4r ett samarrangemang med Skidklubben. Samling vid Brudarebacken.<\/p>\n<p>Anm\u00e4lan sker i Eventor i den klass\/niv\u00e5 ni brukar springa p\u00e5 t\u00e4vling. Vi s\u00e4tter sedan ihop till KM-klasser med de IFMVare som springer p\u00e5 samma niv\u00e5.<br \/>\n<a href=\"https:\/\/eventor.orientering.se\/Events\/Show\/22342\" target=\"_blank\" rel=\"noopener noreferrer\" data-saferedirecturl=\"https:\/\/www.google.com\/url?hl=sv&amp;q=https:\/\/eventor.orientering.se\/Events\/Show\/22342&amp;source=gmail&amp;ust=1526371796528000&amp;usg=AFQjCNFmM0TH15DKLyCFWss52K1JoojAyw\">L\u00e4nk till t\u00e4vlingen i Eventor f\u00f6r anm\u00e4lan och mer information &gt;&gt;<\/a><\/p>\n","protected":false},"excerpt":{"rendered":"<p>\u00c5rets klubbm\u00e4sterskap genomf\u00f6rs den 24 maj och \u00e4r ett samarrangemang med Skidklubben. Samling vid Brudarebacken. Anm\u00e4lan sker i Eventor i den klass\/niv\u00e5 ni brukar springa p\u00e5 t\u00e4vling. Vi s\u00e4tter sedan [&hellip;]<\/p>\n","protected":false},"author":4,"featured_media":0,"comment_status":"open","ping_status":"closed","sticky":false,"template":"","format":"standard","meta":{"footnotes":""},"categories":[262],"tags":[],"class_list":["post-4950","post","type-post","status-publish","format-standard","hentry","category-nyheter"],"_links":{"self":[{"href":"https:\/\/www.ifmarinvast.se\/orientering\/wp-json\/wp\/v2\/posts\/4950","targetHints":{"allow":["GET"]}}],"collection":[{"href":"https:\/\/www.ifmarinvast.se\/orientering\/wp-json\/wp\/v2\/posts"}],"about":[{"href":"https:\/\/www.ifmarinvast.se\/orientering\/wp-json\/wp\/v2\/types\/post"}],"author":[{"embeddable":true,"href":"https:\/\/www.ifmarinvast.se\/orientering\/wp-json\/wp\/v2\/users\/4"}],"replies":[{"embeddable":true,"href":"https:\/\/www.ifmarinvast.se\/orientering\/wp-json\/wp\/v2\/comments?post=4950"}],"version-history":[{"count":3,"href":"https:\/\/www.ifmarinvast.se\/orientering\/wp-json\/wp\/v2\/posts\/4950\/revisions"}],"predecessor-version":[{"id":4963,"href":"https:\/\/www.ifmarinvast.se\/orientering\/wp-json\/wp\/v2\/posts\/4950\/revisions\/4963"}],"wp:attachment":[{"href":"https:\/\/www.ifmarinvast.se\/orientering\/wp-json\/wp\/v2\/media?parent=4950"}],"wp:term":[{"taxonomy":"category","embeddable":true,"href":"https:\/\/www.ifmarinvast.se\/orientering\/wp-json\/wp\/v2\/categories?post=4950"},{"taxonomy":"post_tag","embeddable":true,"href":"https:\/\/www.ifmarinvast.se\/orientering\/wp-json\/wp\/v2\/tags?post=4950"}],"curies":[{"name":"wp","href":"https:\/\/api.w.org\/{rel}","templated":true}]}}