{"id":4949,"date":"2018-05-21T11:02:40","date_gmt":"2018-05-21T09:02:40","guid":{"rendered":"http:\/\/www.ifmarinvast.se\/orientering\/?p=4949"},"modified":"2018-05-21T11:02:40","modified_gmt":"2018-05-21T09:02:40","slug":"samling-vid-ruddalens-mc-pa-tisdagstraningen-den-22-maj","status":"publish","type":"post","link":"https:\/\/www.ifmarinvast.se\/orientering\/samling-vid-ruddalens-mc-pa-tisdagstraningen-den-22-maj\/","title":{"rendered":"Samling vid Ruddalens MC p\u00e5 tisdagstr\u00e4ningen den 22 maj"},"content":{"rendered":"<p>Tisdagstr\u00e4ningen den 22 maj, samling kl 18:00 utanf\u00f6r Ruddalens Motionscentral.<\/p>\n","protected":false},"excerpt":{"rendered":"<p>Tisdagstr\u00e4ningen den 22 maj, samling kl 18:00 utanf\u00f6r Ruddalens Motionscentral.<\/p>\n","protected":false},"author":4,"featured_media":0,"comment_status":"open","ping_status":"closed","sticky":false,"template":"","format":"standard","meta":{"footnotes":""},"categories":[262],"tags":[],"class_list":["post-4949","post","type-post","status-publish","format-standard","hentry","category-nyheter"],"_links":{"self":[{"href":"https:\/\/www.ifmarinvast.se\/orientering\/wp-json\/wp\/v2\/posts\/4949","targetHints":{"allow":["GET"]}}],"collection":[{"href":"https:\/\/www.ifmarinvast.se\/orientering\/wp-json\/wp\/v2\/posts"}],"about":[{"href":"https:\/\/www.ifmarinvast.se\/orientering\/wp-json\/wp\/v2\/types\/post"}],"author":[{"embeddable":true,"href":"https:\/\/www.ifmarinvast.se\/orientering\/wp-json\/wp\/v2\/users\/4"}],"replies":[{"embeddable":true,"href":"https:\/\/www.ifmarinvast.se\/orientering\/wp-json\/wp\/v2\/comments?post=4949"}],"version-history":[{"count":1,"href":"https:\/\/www.ifmarinvast.se\/orientering\/wp-json\/wp\/v2\/posts\/4949\/revisions"}],"predecessor-version":[{"id":4964,"href":"https:\/\/www.ifmarinvast.se\/orientering\/wp-json\/wp\/v2\/posts\/4949\/revisions\/4964"}],"wp:attachment":[{"href":"https:\/\/www.ifmarinvast.se\/orientering\/wp-json\/wp\/v2\/media?parent=4949"}],"wp:term":[{"taxonomy":"category","embeddable":true,"href":"https:\/\/www.ifmarinvast.se\/orientering\/wp-json\/wp\/v2\/categories?post=4949"},{"taxonomy":"post_tag","embeddable":true,"href":"https:\/\/www.ifmarinvast.se\/orientering\/wp-json\/wp\/v2\/tags?post=4949"}],"curies":[{"name":"wp","href":"https:\/\/api.w.org\/{rel}","templated":true}]}}