{"id":4916,"date":"2018-04-30T10:24:30","date_gmt":"2018-04-30T08:24:30","guid":{"rendered":"http:\/\/www.ifmarinvast.se\/orientering\/?p=4916"},"modified":"2018-05-28T18:33:10","modified_gmt":"2018-05-28T16:33:10","slug":"nu-borjar-sommarcupen-2018","status":"publish","type":"post","link":"https:\/\/www.ifmarinvast.se\/orientering\/nu-borjar-sommarcupen-2018\/","title":{"rendered":"Nu b\u00f6rjar Sommarcupen 2018"},"content":{"rendered":"<p>Skidklubben bjuder in IF Marin V\u00e4st att vara med p\u00e5 Sommarcupen 2018. Vi \u00e4r dessutom med och arrangerar en av etapperna. <a href=\"https:\/\/www.ifmarinvast.se\/orientering\/wp-content\/uploads\/2018\/04\/Sommarcupen-2018.pdf\">&gt;&gt; Inbjudan<\/a><\/p>\n<h3>Datum<\/h3>\n<p><a href=\"https:\/\/eventor.orientering.se\/Events\/Show\/22336\">To 3\/5: Samling grillplatsen intill Svarttj\u00e4rn (tema brunbild). Lennart A 0709322309.<\/a><br \/>\n<a href=\"https:\/\/eventor.orientering.se\/Events\/Show\/22338\">To 17\/5: Floda (tema medeldistans) Tobias Andersson 0739913292<\/a><br \/>\n<a href=\"https:\/\/eventor.orientering.se\/Events\/Show\/22342\">To 24\/5: Brudarebacken KM (klubbm\u00e4sterskap) Lennart A 0709322309<\/a><br \/>\nTo 31\/5: <a href=\"https:\/\/eventor.orientering.se\/Events\/Show\/22542\">https:\/\/eventor.orientering.se\/Events\/Show\/22542<\/a><br \/>\n<a href=\"https:\/\/eventor.orientering.se\/Events\/Show\/22418\">To 7\/6: Ruddalen\u00a0IF Marin V\u00e4st linda.martinsson@ifmarinvast.se<\/a><\/p>\n<h3>Alla tr\u00e4ningarna l\u00e4ggs upp i Eventor<\/h3>\n<p>F\u00f6r att garantera att det finns en karta n\u00e4r du kommer vill vi helst att du anm\u00e4ler dig via Eventor!<br \/>\nDetaljerad info l\u00e4ggs ut p\u00e5 Eventor inf\u00f6r varje tr\u00e4ning!<br \/>\nSportIdent p\u00e5 alla kontroller, s\u00e5 ta med SI-pinnen!<\/p>\n<h3>Banor<\/h3>\n<p>Vit ca 1,5 km<br \/>\nGul ca 2,5 km<br \/>\nOrange ca 3,5 km<br \/>\nSvart kort ca 3 km<br \/>\nSvart l\u00e5ng ca 5 km<\/p>\n<h3>Starttid<\/h3>\n<p>Start skall normalt vara m\u00f6jlig fr\u00e5n ca 17.30 och en timma fram\u00e5t.<\/p>\n","protected":false},"excerpt":{"rendered":"<p>Skidklubben bjuder in IF Marin V\u00e4st att vara med p\u00e5 Sommarcupen 2018. Vi \u00e4r dessutom med och arrangerar en av etapperna. &gt;&gt; Inbjudan Datum To 3\/5: Samling grillplatsen intill Svarttj\u00e4rn [&hellip;]<\/p>\n","protected":false},"author":4,"featured_media":0,"comment_status":"open","ping_status":"closed","sticky":false,"template":"","format":"standard","meta":{"footnotes":""},"categories":[262],"tags":[],"class_list":["post-4916","post","type-post","status-publish","format-standard","hentry","category-nyheter"],"_links":{"self":[{"href":"https:\/\/www.ifmarinvast.se\/orientering\/wp-json\/wp\/v2\/posts\/4916","targetHints":{"allow":["GET"]}}],"collection":[{"href":"https:\/\/www.ifmarinvast.se\/orientering\/wp-json\/wp\/v2\/posts"}],"about":[{"href":"https:\/\/www.ifmarinvast.se\/orientering\/wp-json\/wp\/v2\/types\/post"}],"author":[{"embeddable":true,"href":"https:\/\/www.ifmarinvast.se\/orientering\/wp-json\/wp\/v2\/users\/4"}],"replies":[{"embeddable":true,"href":"https:\/\/www.ifmarinvast.se\/orientering\/wp-json\/wp\/v2\/comments?post=4916"}],"version-history":[{"count":7,"href":"https:\/\/www.ifmarinvast.se\/orientering\/wp-json\/wp\/v2\/posts\/4916\/revisions"}],"predecessor-version":[{"id":5001,"href":"https:\/\/www.ifmarinvast.se\/orientering\/wp-json\/wp\/v2\/posts\/4916\/revisions\/5001"}],"wp:attachment":[{"href":"https:\/\/www.ifmarinvast.se\/orientering\/wp-json\/wp\/v2\/media?parent=4916"}],"wp:term":[{"taxonomy":"category","embeddable":true,"href":"https:\/\/www.ifmarinvast.se\/orientering\/wp-json\/wp\/v2\/categories?post=4916"},{"taxonomy":"post_tag","embeddable":true,"href":"https:\/\/www.ifmarinvast.se\/orientering\/wp-json\/wp\/v2\/tags?post=4916"}],"curies":[{"name":"wp","href":"https:\/\/api.w.org\/{rel}","templated":true}]}}