{"id":4808,"date":"2018-03-08T10:02:11","date_gmt":"2018-03-08T09:02:11","guid":{"rendered":"http:\/\/www.ifmarinvast.se\/orientering\/?p=4808"},"modified":"2018-04-10T21:42:53","modified_gmt":"2018-04-10T19:42:53","slug":"intensivkurs-i-orientering-20-22-april","status":"publish","type":"post","link":"https:\/\/www.ifmarinvast.se\/orientering\/intensivkurs-i-orientering-20-22-april\/","title":{"rendered":"Intensivkurs i Orientering 20-22 april &#8211; anm\u00e4lan m\u00f6jlig till och med 16 april!"},"content":{"rendered":"<h2>F\u00f6r dig som vill ta det ultimata steget utanf\u00f6r din vanliga l\u00f6prunda och inte r\u00e4ds lite lera under skorna.<\/h2>\n<p><strong><span class=\"_4n-j _3cht fsl\" data-testid=\"event-permalink-details\">I v\u00e5r k\u00f6r vi tredje omg\u00e5ngen av v\u00e5r uppskattade kurs i orientering f\u00f6r vuxna nyb\u00f6rjare &#8211; inte bara blivande orienterare utan ocks\u00e5 b\u00e4rplockare, skogsflan\u00f6rer och andra naturintresserade. V\u00e4lkommen.<\/span><\/strong><\/p>\n<p><strong>F\u00f6r vem:<\/strong> 17 \u00e5r och \u00e4ldre, inga f\u00f6rkunskaper kr\u00e4vs<br \/>\n<strong>Vad:<\/strong> teori och praktik,orienterare coachar, t\u00e4vlingslik tr\u00e4ning med GPS-tracking<br \/>\n<strong>N\u00e4r:<\/strong> Fredag kl 18 \u2013 s\u00f6ndag kl 16, 20-22 april<br \/>\n<strong>Var:<\/strong> Sj\u00f6scoutstugan Skalsk\u00e4rsgatan 1, Fiskeb\u00e4ck<br \/>\n<strong>Kursavgift:<\/strong> 1500kr inkl kursmaterial, l\u00e5n av utrustning, luncher, fika, funktionstr\u00f6ja och medlemskap i IF Marin V\u00e4st 2018<\/p>\n<h3><a href=\"https:\/\/www.ifmarinvast.se\/orientering\/intensivkurs-for-vuxna-nyborjare-2018\/\"><strong>L\u00e4s mer om kursen h\u00e4r&gt;&gt;<\/strong><\/a><\/h3>\n<p>&nbsp;<\/p>\n<p><a href=\"https:\/\/www.ifmarinvast.se\/orientering\/intensivkurs-for-vuxna-nyborjare-2018\/\"><img loading=\"lazy\" decoding=\"async\" class=\"alignnone size-full wp-image-4811\" src=\"https:\/\/www.ifmarinvast.se\/orientering\/wp-content\/uploads\/2018\/03\/intensivkursvar2018.png\" alt=\"\" width=\"1068\" height=\"782\" srcset=\"https:\/\/www.ifmarinvast.se\/orientering\/wp-content\/uploads\/2018\/03\/intensivkursvar2018.png 1068w, https:\/\/www.ifmarinvast.se\/orientering\/wp-content\/uploads\/2018\/03\/intensivkursvar2018-300x220.png 300w, https:\/\/www.ifmarinvast.se\/orientering\/wp-content\/uploads\/2018\/03\/intensivkursvar2018-768x562.png 768w, https:\/\/www.ifmarinvast.se\/orientering\/wp-content\/uploads\/2018\/03\/intensivkursvar2018-1024x750.png 1024w\" sizes=\"auto, (max-width: 1068px) 100vw, 1068px\" \/><\/a><\/p>\n<p>&nbsp;<\/p>\n","protected":false},"excerpt":{"rendered":"<p>F\u00f6r dig som vill ta det ultimata steget utanf\u00f6r din vanliga l\u00f6prunda och inte r\u00e4ds lite lera under skorna. I v\u00e5r k\u00f6r vi tredje omg\u00e5ngen av v\u00e5r uppskattade kurs i [&hellip;]<\/p>\n","protected":false},"author":4,"featured_media":4811,"comment_status":"open","ping_status":"closed","sticky":false,"template":"","format":"standard","meta":{"footnotes":""},"categories":[262],"tags":[],"class_list":["post-4808","post","type-post","status-publish","format-standard","has-post-thumbnail","hentry","category-nyheter"],"_links":{"self":[{"href":"https:\/\/www.ifmarinvast.se\/orientering\/wp-json\/wp\/v2\/posts\/4808","targetHints":{"allow":["GET"]}}],"collection":[{"href":"https:\/\/www.ifmarinvast.se\/orientering\/wp-json\/wp\/v2\/posts"}],"about":[{"href":"https:\/\/www.ifmarinvast.se\/orientering\/wp-json\/wp\/v2\/types\/post"}],"author":[{"embeddable":true,"href":"https:\/\/www.ifmarinvast.se\/orientering\/wp-json\/wp\/v2\/users\/4"}],"replies":[{"embeddable":true,"href":"https:\/\/www.ifmarinvast.se\/orientering\/wp-json\/wp\/v2\/comments?post=4808"}],"version-history":[{"count":11,"href":"https:\/\/www.ifmarinvast.se\/orientering\/wp-json\/wp\/v2\/posts\/4808\/revisions"}],"predecessor-version":[{"id":4862,"href":"https:\/\/www.ifmarinvast.se\/orientering\/wp-json\/wp\/v2\/posts\/4808\/revisions\/4862"}],"wp:featuredmedia":[{"embeddable":true,"href":"https:\/\/www.ifmarinvast.se\/orientering\/wp-json\/wp\/v2\/media\/4811"}],"wp:attachment":[{"href":"https:\/\/www.ifmarinvast.se\/orientering\/wp-json\/wp\/v2\/media?parent=4808"}],"wp:term":[{"taxonomy":"category","embeddable":true,"href":"https:\/\/www.ifmarinvast.se\/orientering\/wp-json\/wp\/v2\/categories?post=4808"},{"taxonomy":"post_tag","embeddable":true,"href":"https:\/\/www.ifmarinvast.se\/orientering\/wp-json\/wp\/v2\/tags?post=4808"}],"curies":[{"name":"wp","href":"https:\/\/api.w.org\/{rel}","templated":true}]}}