{"id":4680,"date":"2018-01-22T08:40:27","date_gmt":"2018-01-22T07:40:27","guid":{"rendered":"http:\/\/www.ifmarinvast.se\/orientering\/?p=4680"},"modified":"2018-01-22T08:40:27","modified_gmt":"2018-01-22T07:40:27","slug":"kallelse-till-arsmote-for-if-marin-vast-3","status":"publish","type":"post","link":"https:\/\/www.ifmarinvast.se\/orientering\/kallelse-till-arsmote-for-if-marin-vast-3\/","title":{"rendered":"Kallelse till \u00e5rsm\u00f6te f\u00f6r IF Marin V\u00e4st"},"content":{"rendered":"<p>V\u00e4lkommen till \u00e5rsm\u00f6te f\u00f6r IF Marin V\u00e4st torsdag 22 februari 2018 kl 19.00 i IF Marin V\u00e4sts klubbstuga, p\u00e5 G\u00f6teborgs Garnison.<\/p>\n<p><strong>F\u00f6rslag<\/strong><br \/>\nF\u00f6rslag till \u00e5rsm\u00f6tet ska l\u00e4mnas in till styrelsen av r\u00f6stber\u00e4ttigad medlem senast 8 februari. F\u00f6rslagen skickas till styrelsen@ifmarinvast.se.<\/p>\n<p><strong>Handlingar<\/strong><br \/>\nHandlingar inf\u00f6r \u00e5rsm\u00f6tet finns tillg\u00e4ngliga f\u00f6r medlemmarna senast en vecka f\u00f6re \u00e5rsm\u00f6tet. Mejla till styrelsen@ifmarinvast.se.<\/p>\n<p><a href=\"https:\/\/www.ifmarinvast.se\/orientering\/kallelse-och-dagordning-till-arsmote-for-if-marin-vast-2018\/\">Se hela kallelsen med dagordning \u00bb<\/a><\/p>\n<p>F\u00f6r att ha r\u00f6str\u00e4tt p\u00e5 \u00e5rsm\u00f6tet beh\u00f6ver du ha betalat <a href=\"https:\/\/www.ifmarinvast.se\/orientering\/medlem\/medlemsavgiften\/\">medlemsavgiften f\u00f6r 2018<\/a>.<\/p>\n","protected":false},"excerpt":{"rendered":"<p>V\u00e4lkommen till \u00e5rsm\u00f6te f\u00f6r IF Marin V\u00e4st torsdag 22 februari 2018 kl 19.00 i IF Marin V\u00e4sts klubbstuga, p\u00e5 G\u00f6teborgs Garnison. F\u00f6rslag F\u00f6rslag till \u00e5rsm\u00f6tet ska l\u00e4mnas in till styrelsen [&hellip;]<\/p>\n","protected":false},"author":4,"featured_media":0,"comment_status":"open","ping_status":"closed","sticky":false,"template":"","format":"standard","meta":{"footnotes":""},"categories":[262],"tags":[],"class_list":["post-4680","post","type-post","status-publish","format-standard","hentry","category-nyheter"],"_links":{"self":[{"href":"https:\/\/www.ifmarinvast.se\/orientering\/wp-json\/wp\/v2\/posts\/4680","targetHints":{"allow":["GET"]}}],"collection":[{"href":"https:\/\/www.ifmarinvast.se\/orientering\/wp-json\/wp\/v2\/posts"}],"about":[{"href":"https:\/\/www.ifmarinvast.se\/orientering\/wp-json\/wp\/v2\/types\/post"}],"author":[{"embeddable":true,"href":"https:\/\/www.ifmarinvast.se\/orientering\/wp-json\/wp\/v2\/users\/4"}],"replies":[{"embeddable":true,"href":"https:\/\/www.ifmarinvast.se\/orientering\/wp-json\/wp\/v2\/comments?post=4680"}],"version-history":[{"count":1,"href":"https:\/\/www.ifmarinvast.se\/orientering\/wp-json\/wp\/v2\/posts\/4680\/revisions"}],"predecessor-version":[{"id":4681,"href":"https:\/\/www.ifmarinvast.se\/orientering\/wp-json\/wp\/v2\/posts\/4680\/revisions\/4681"}],"wp:attachment":[{"href":"https:\/\/www.ifmarinvast.se\/orientering\/wp-json\/wp\/v2\/media?parent=4680"}],"wp:term":[{"taxonomy":"category","embeddable":true,"href":"https:\/\/www.ifmarinvast.se\/orientering\/wp-json\/wp\/v2\/categories?post=4680"},{"taxonomy":"post_tag","embeddable":true,"href":"https:\/\/www.ifmarinvast.se\/orientering\/wp-json\/wp\/v2\/tags?post=4680"}],"curies":[{"name":"wp","href":"https:\/\/api.w.org\/{rel}","templated":true}]}}