{"id":4620,"date":"2017-12-05T17:47:19","date_gmt":"2017-12-05T16:47:19","guid":{"rendered":"http:\/\/www.ifmarinvast.se\/orientering\/?p=4620"},"modified":"2017-12-05T18:05:47","modified_gmt":"2017-12-05T17:05:47","slug":"hostavslutning-och-75-arsfest","status":"publish","type":"post","link":"https:\/\/www.ifmarinvast.se\/orientering\/hostavslutning-och-75-arsfest\/","title":{"rendered":"H\u00f6stavslutning och 75-\u00e5rsfest"},"content":{"rendered":"<p><a href=\"https:\/\/www.ifmarinvast.se\/orientering\/wp-content\/uploads\/2017\/12\/Sk\u00e4rmavbild-2017-12-05-kl.-17.43.37.png\"><img loading=\"lazy\" decoding=\"async\" class=\"alignnone size-full wp-image-4619\" src=\"https:\/\/www.ifmarinvast.se\/orientering\/wp-content\/uploads\/2017\/12\/Sk\u00e4rmavbild-2017-12-05-kl.-17.43.37.png\" alt=\"\" width=\"765\" height=\"176\" srcset=\"https:\/\/www.ifmarinvast.se\/orientering\/wp-content\/uploads\/2017\/12\/Sk\u00e4rmavbild-2017-12-05-kl.-17.43.37.png 765w, https:\/\/www.ifmarinvast.se\/orientering\/wp-content\/uploads\/2017\/12\/Sk\u00e4rmavbild-2017-12-05-kl.-17.43.37-300x69.png 300w\" sizes=\"auto, (max-width: 765px) 100vw, 765px\" \/><\/a><\/p>\n<div class=\"page\" title=\"Page 1\">\n<div class=\"layoutArea\">\n<div class=\"column\">\n<p><strong>V\u00e4lkommen p\u00e5 h\u00f6stavslutning och 75-\u00e5rsfest l\u00f6rdagen den 16 december<\/strong><\/p>\n<p>Plats: Flottans M\u00e4n, \u00d6rlogsv\u00e4gen 6 i Nya Varvet<\/p>\n<p>Avslutningen b\u00f6rjar kl 17.00! Vid 18-tiden b\u00f6rjar festen med god mat, dryck och dans!<\/p>\n<p>IF Marin V\u00e4st bjuder p\u00e5 festen f\u00f6r alla medlemmar. Icke medlemmar betalar 200 kr.<\/p>\n<p>Efter middagen serveras dryck i baren till sj\u00e4lvkostnadspris.<\/p>\n<p><strong>Anm\u00e4l dig till:<\/strong><\/p>\n<p>fest@ifmarinvast.se senast den 7 december. Skriv namn p\u00e5 alla du anm\u00e4ler<\/p>\n<p>V\u00e4lkommen!<\/p>\n<\/div>\n<\/div>\n<\/div>\n<p><a href=\"https:\/\/www.ifmarinvast.se\/orientering\/wp-content\/uploads\/2017\/12\/Inbjudan-IFMV-75-arsfest-3.pdf\">Inbjudan-IFMV-75-arsfest<\/a><\/p>\n","protected":false},"excerpt":{"rendered":"<p>V\u00e4lkommen p\u00e5 h\u00f6stavslutning och 75-\u00e5rsfest l\u00f6rdagen den 16 december Plats: Flottans M\u00e4n, \u00d6rlogsv\u00e4gen 6 i Nya Varvet Avslutningen b\u00f6rjar kl 17.00! Vid 18-tiden b\u00f6rjar festen med god mat, dryck och [&hellip;]<\/p>\n","protected":false},"author":4,"featured_media":0,"comment_status":"open","ping_status":"closed","sticky":false,"template":"","format":"standard","meta":{"footnotes":""},"categories":[262],"tags":[],"class_list":["post-4620","post","type-post","status-publish","format-standard","hentry","category-nyheter"],"_links":{"self":[{"href":"https:\/\/www.ifmarinvast.se\/orientering\/wp-json\/wp\/v2\/posts\/4620","targetHints":{"allow":["GET"]}}],"collection":[{"href":"https:\/\/www.ifmarinvast.se\/orientering\/wp-json\/wp\/v2\/posts"}],"about":[{"href":"https:\/\/www.ifmarinvast.se\/orientering\/wp-json\/wp\/v2\/types\/post"}],"author":[{"embeddable":true,"href":"https:\/\/www.ifmarinvast.se\/orientering\/wp-json\/wp\/v2\/users\/4"}],"replies":[{"embeddable":true,"href":"https:\/\/www.ifmarinvast.se\/orientering\/wp-json\/wp\/v2\/comments?post=4620"}],"version-history":[{"count":4,"href":"https:\/\/www.ifmarinvast.se\/orientering\/wp-json\/wp\/v2\/posts\/4620\/revisions"}],"predecessor-version":[{"id":4626,"href":"https:\/\/www.ifmarinvast.se\/orientering\/wp-json\/wp\/v2\/posts\/4620\/revisions\/4626"}],"wp:attachment":[{"href":"https:\/\/www.ifmarinvast.se\/orientering\/wp-json\/wp\/v2\/media?parent=4620"}],"wp:term":[{"taxonomy":"category","embeddable":true,"href":"https:\/\/www.ifmarinvast.se\/orientering\/wp-json\/wp\/v2\/categories?post=4620"},{"taxonomy":"post_tag","embeddable":true,"href":"https:\/\/www.ifmarinvast.se\/orientering\/wp-json\/wp\/v2\/tags?post=4620"}],"curies":[{"name":"wp","href":"https:\/\/api.w.org\/{rel}","templated":true}]}}