{"id":4595,"date":"2017-10-02T08:48:03","date_gmt":"2017-10-02T06:48:03","guid":{"rendered":"http:\/\/www.ifmarinvast.se\/orientering\/?p=4595"},"modified":"2017-10-02T08:48:03","modified_gmt":"2017-10-02T06:48:03","slug":"fixar-dagen-i-klubbstugan-och-endagslager-for-ungdomar-7-oktober","status":"publish","type":"post","link":"https:\/\/www.ifmarinvast.se\/orientering\/fixar-dagen-i-klubbstugan-och-endagslager-for-ungdomar-7-oktober\/","title":{"rendered":"Fixar-dagen i klubbstugan och Endagsl\u00e4ger f\u00f6r ungdomar 7 oktober"},"content":{"rendered":"<p><span style=\"font-size: large;\"><b>Fixar-dagen i klubbstugan den 7 oktober<\/b><\/span><br \/>\nDen 7 oktober ses vi i klubbstugan. D\u00e5 skall vi klippa gr\u00e4set, s\u00e5ga grenar, m\u00e5la d\u00f6rren, st\u00e4da stugan och pyssla om v\u00e5ra kontrollsk\u00e4rmar m.m. Det kommer<br \/>\natt finnas n\u00e5got f\u00f6r alla att g\u00f6ra. All utrustning finns men ta g\u00e4rna med egna handskar.\u00a0Klubben bjuder p\u00e5 enklare f\u00f6rt\u00e4ring.\u00a0Vi slutar senast kl 17.00 men all hj\u00e4lp kort eller l\u00e5ng v\u00e4lkomnas.<\/p>\n<p><b>Anm\u00e4lan <\/b>g\u00f6rs till <a href=\"mailto:jan-olov.akersten@volvo.com\" target=\"_blank\" rel=\"noopener noreferrer\">jan-olov.akersten@volvo.com<\/a><b> senast den 4 oktober.<\/b><br \/>\nSamling klockan 10:00 vid vakten den 7 oktober, s\u00e5 g\u00e5r\/\u00e5ker vi gemensamt upp till klubbstugan.<\/p>\n<p><span style=\"font-size: large;\"><b>Endagsl\u00e4ger f\u00f6r ungdomar 7 oktober i klubbstugan <\/b><\/span><br \/>\nI samband med fixa-dagen i klubbstugan \u00e4r alla ungdomar t o m 18 \u00e5r v\u00e4lkomna till en heldag med tr\u00e4ning. Det blir b\u00e5de roliga teknik\u00f6vningar och orienteringsbanor av olika sv\u00e5righetsgrad.<\/p>\n<p>Vi b\u00f6rjar klockan 10 samtidigt som de vuxna medlemmarna fixar i klubbstugan.<br \/>\nDet blir teknik\u00f6vningar p\u00e5 f\u00f6r- och eftermiddagen. Klubben bjuder p\u00e5 enklare f\u00f6rt\u00e4ring.<\/p>\n<p><b>Inbjudan<\/b> till endagarsl\u00e4gret finns att l\u00e4sa h\u00e4r:<br \/>\n<a href=\"https:\/\/www.ifmarinvast.se\/orientering\/wp-content\/uploads\/2017\/09\/Endagsl%C3%A4ger-7-oktober-2017.pdf\" target=\"_blank\" rel=\"noopener noreferrer\" data-saferedirecturl=\"https:\/\/www.google.com\/url?hl=sv&amp;q=https:\/\/www.ifmarinvast.se\/orientering\/wp-content\/uploads\/2017\/09\/Endagsl%C3%A4ger-7-oktober-2017.pdf&amp;source=gmail&amp;ust=1507013070715000&amp;usg=AFQjCNGE7bFLPkSevGHtu0p01vWnIlliSg\">http:\/\/www.ifmarinvast.se\/<wbr \/>orientering\/wp-content\/<wbr \/>uploads\/2017\/09\/Endagsl\u00e4ger-7-<wbr \/>oktober-2017.pdf<\/a><\/p>\n<p><b>Anm\u00e4lan<\/b> g\u00f6rs till <a href=\"mailto:jan-olov.akersten@volvo.com\" target=\"_blank\" rel=\"noopener noreferrer\">jan-olov.akersten@volvo.com<\/a> <b>senast den 4 oktober.<\/b><br \/>\nSamling klockan 10:00 vid vakten den 7 oktober, s\u00e5 g\u00e5r\/\u00e5ker vi gemensamt upp till klubbstugan.<\/p>\n","protected":false},"excerpt":{"rendered":"<p>Fixar-dagen i klubbstugan den 7 oktober Den 7 oktober ses vi i klubbstugan. D\u00e5 skall vi klippa gr\u00e4set, s\u00e5ga grenar, m\u00e5la d\u00f6rren, st\u00e4da stugan och pyssla om v\u00e5ra kontrollsk\u00e4rmar m.m. [&hellip;]<\/p>\n","protected":false},"author":4,"featured_media":0,"comment_status":"open","ping_status":"closed","sticky":false,"template":"","format":"standard","meta":{"footnotes":""},"categories":[262],"tags":[],"class_list":["post-4595","post","type-post","status-publish","format-standard","hentry","category-nyheter"],"_links":{"self":[{"href":"https:\/\/www.ifmarinvast.se\/orientering\/wp-json\/wp\/v2\/posts\/4595","targetHints":{"allow":["GET"]}}],"collection":[{"href":"https:\/\/www.ifmarinvast.se\/orientering\/wp-json\/wp\/v2\/posts"}],"about":[{"href":"https:\/\/www.ifmarinvast.se\/orientering\/wp-json\/wp\/v2\/types\/post"}],"author":[{"embeddable":true,"href":"https:\/\/www.ifmarinvast.se\/orientering\/wp-json\/wp\/v2\/users\/4"}],"replies":[{"embeddable":true,"href":"https:\/\/www.ifmarinvast.se\/orientering\/wp-json\/wp\/v2\/comments?post=4595"}],"version-history":[{"count":1,"href":"https:\/\/www.ifmarinvast.se\/orientering\/wp-json\/wp\/v2\/posts\/4595\/revisions"}],"predecessor-version":[{"id":4596,"href":"https:\/\/www.ifmarinvast.se\/orientering\/wp-json\/wp\/v2\/posts\/4595\/revisions\/4596"}],"wp:attachment":[{"href":"https:\/\/www.ifmarinvast.se\/orientering\/wp-json\/wp\/v2\/media?parent=4595"}],"wp:term":[{"taxonomy":"category","embeddable":true,"href":"https:\/\/www.ifmarinvast.se\/orientering\/wp-json\/wp\/v2\/categories?post=4595"},{"taxonomy":"post_tag","embeddable":true,"href":"https:\/\/www.ifmarinvast.se\/orientering\/wp-json\/wp\/v2\/tags?post=4595"}],"curies":[{"name":"wp","href":"https:\/\/api.w.org\/{rel}","templated":true}]}}