{"id":4585,"date":"2017-09-25T21:22:56","date_gmt":"2017-09-25T19:22:56","guid":{"rendered":"http:\/\/www.ifmarinvast.se\/orientering\/?p=4585"},"modified":"2017-09-25T21:22:56","modified_gmt":"2017-09-25T19:22:56","slug":"den-26-september-blir-det-raven","status":"publish","type":"post","link":"https:\/\/www.ifmarinvast.se\/orientering\/den-26-september-blir-det-raven\/","title":{"rendered":"Den 26 september blir det R\u00e4ven!"},"content":{"rendered":"<p><b>Den 26 september har vi \u00e5rets sista orienteringstr\u00e4ning!<\/b><\/p>\n<div>\n<div>(Sen blir det f\u00f6rst\u00e5s andra roliga och nyttiga tr\u00e4ningar p\u00e5 tisdagarna.<\/div>\n<div>Motionstr\u00e4ning i oktober och sedan innetr\u00e4ning.)<\/div>\n<div><\/div>\n<div>Men nu\u00a0\u00e4r det orientering som g\u00e4ller<\/div>\n<div>Vi ska k\u00f6ra R\u00e4ven. Den absolut roligast tr\u00e4ningen om du fr\u00e5gar mig.<\/div>\n<div><\/div>\n<div>Den f\u00f6ruts\u00e4tter att vi alla startar samtidigt.<\/div>\n<div><\/div>\n<div><b><u>Samling<\/u><\/b> vid Lerh\u00e5le\u00e4ngen i P\u00e5velundsslingan. V\u00e4gen dit fr\u00e5n motionscentralen \u00e4r snitslad.<\/div>\n<div>Vi startar 18.00 med en genomg\u00e5ng och 18.05 k\u00f6r vi. Det ska bli kul<\/div>\n<div><\/div>\n<div>Vi ses!<\/div>\n<div>Karin<\/div>\n<\/div>\n","protected":false},"excerpt":{"rendered":"<p>Den 26 september har vi \u00e5rets sista orienteringstr\u00e4ning! (Sen blir det f\u00f6rst\u00e5s andra roliga och nyttiga tr\u00e4ningar p\u00e5 tisdagarna. Motionstr\u00e4ning i oktober och sedan innetr\u00e4ning.) Men nu\u00a0\u00e4r det orientering som [&hellip;]<\/p>\n","protected":false},"author":4,"featured_media":0,"comment_status":"open","ping_status":"closed","sticky":false,"template":"","format":"standard","meta":{"footnotes":""},"categories":[262],"tags":[],"class_list":["post-4585","post","type-post","status-publish","format-standard","hentry","category-nyheter"],"_links":{"self":[{"href":"https:\/\/www.ifmarinvast.se\/orientering\/wp-json\/wp\/v2\/posts\/4585","targetHints":{"allow":["GET"]}}],"collection":[{"href":"https:\/\/www.ifmarinvast.se\/orientering\/wp-json\/wp\/v2\/posts"}],"about":[{"href":"https:\/\/www.ifmarinvast.se\/orientering\/wp-json\/wp\/v2\/types\/post"}],"author":[{"embeddable":true,"href":"https:\/\/www.ifmarinvast.se\/orientering\/wp-json\/wp\/v2\/users\/4"}],"replies":[{"embeddable":true,"href":"https:\/\/www.ifmarinvast.se\/orientering\/wp-json\/wp\/v2\/comments?post=4585"}],"version-history":[{"count":2,"href":"https:\/\/www.ifmarinvast.se\/orientering\/wp-json\/wp\/v2\/posts\/4585\/revisions"}],"predecessor-version":[{"id":4587,"href":"https:\/\/www.ifmarinvast.se\/orientering\/wp-json\/wp\/v2\/posts\/4585\/revisions\/4587"}],"wp:attachment":[{"href":"https:\/\/www.ifmarinvast.se\/orientering\/wp-json\/wp\/v2\/media?parent=4585"}],"wp:term":[{"taxonomy":"category","embeddable":true,"href":"https:\/\/www.ifmarinvast.se\/orientering\/wp-json\/wp\/v2\/categories?post=4585"},{"taxonomy":"post_tag","embeddable":true,"href":"https:\/\/www.ifmarinvast.se\/orientering\/wp-json\/wp\/v2\/tags?post=4585"}],"curies":[{"name":"wp","href":"https:\/\/api.w.org\/{rel}","templated":true}]}}