{"id":4575,"date":"2017-09-05T18:00:31","date_gmt":"2017-09-05T16:00:31","guid":{"rendered":"http:\/\/www.ifmarinvast.se\/orientering\/?p=4575"},"modified":"2017-09-05T15:09:41","modified_gmt":"2017-09-05T13:09:41","slug":"anmalan-till-orienteringsresa-till-bornholm-senast-209","status":"publish","type":"post","link":"https:\/\/www.ifmarinvast.se\/orientering\/anmalan-till-orienteringsresa-till-bornholm-senast-209\/","title":{"rendered":"Anm\u00e4lan till orienteringsresa till Bornholm senast 20\/9"},"content":{"rendered":"<p><strong>Bornholm H\u00f8st-Open \u2013 Orienteringsresa till Danmark 27-29 okt 2017<\/strong><br \/>\nVill du prova p\u00e5 att orientera i Danmark, bo p\u00e5 hotell och \u00e4ta roliga buff\u00e9er? D\u00e5 skall du f\u00f6lja med klubben till Bornholm med Allan Sunnergrens resor.<br \/>\nI slutet av oktober varje \u00e5r g\u00e5r t\u00e4vlingen Bornholm H\u00f8st-Open, en tv\u00e5dagarst\u00e4vling p\u00e5 Bornholm. Allan Sunnergren har de senaste 20+ \u00e5ren arrangerat en bussresa i samband med t\u00e4vlingen. Man bor p\u00e5 Hotell Ryttarg\u00e5rden och Allan tar hand om resten.<\/p>\n<p><a href=\"https:\/\/www.ifmarinvast.se\/orientering\/wp-content\/uploads\/2017\/08\/bornholm-2017.pdf\">L\u00e4s hela inbjudan &gt;&gt;<\/a><\/p>\n<p><strong>Anm\u00e4lan<\/strong><br \/>\nAnm\u00e4l dig senast 20 september till klubben p\u00e5 <a href=\"mailto:orientering@ifmarinvast.se\">orientering@ifmarinvast.se<\/a> s\u00e5 skickar vi en gemensam anm\u00e4lan till Allan.<\/p>\n","protected":false},"excerpt":{"rendered":"<p>Bornholm H\u00f8st-Open \u2013 Orienteringsresa till Danmark 27-29 okt 2017 Vill du prova p\u00e5 att orientera i Danmark, bo p\u00e5 hotell och \u00e4ta roliga buff\u00e9er? D\u00e5 skall du f\u00f6lja med klubben [&hellip;]<\/p>\n","protected":false},"author":4,"featured_media":0,"comment_status":"open","ping_status":"closed","sticky":false,"template":"","format":"standard","meta":{"footnotes":""},"categories":[262],"tags":[],"class_list":["post-4575","post","type-post","status-publish","format-standard","hentry","category-nyheter"],"_links":{"self":[{"href":"https:\/\/www.ifmarinvast.se\/orientering\/wp-json\/wp\/v2\/posts\/4575","targetHints":{"allow":["GET"]}}],"collection":[{"href":"https:\/\/www.ifmarinvast.se\/orientering\/wp-json\/wp\/v2\/posts"}],"about":[{"href":"https:\/\/www.ifmarinvast.se\/orientering\/wp-json\/wp\/v2\/types\/post"}],"author":[{"embeddable":true,"href":"https:\/\/www.ifmarinvast.se\/orientering\/wp-json\/wp\/v2\/users\/4"}],"replies":[{"embeddable":true,"href":"https:\/\/www.ifmarinvast.se\/orientering\/wp-json\/wp\/v2\/comments?post=4575"}],"version-history":[{"count":3,"href":"https:\/\/www.ifmarinvast.se\/orientering\/wp-json\/wp\/v2\/posts\/4575\/revisions"}],"predecessor-version":[{"id":4577,"href":"https:\/\/www.ifmarinvast.se\/orientering\/wp-json\/wp\/v2\/posts\/4575\/revisions\/4577"}],"wp:attachment":[{"href":"https:\/\/www.ifmarinvast.se\/orientering\/wp-json\/wp\/v2\/media?parent=4575"}],"wp:term":[{"taxonomy":"category","embeddable":true,"href":"https:\/\/www.ifmarinvast.se\/orientering\/wp-json\/wp\/v2\/categories?post=4575"},{"taxonomy":"post_tag","embeddable":true,"href":"https:\/\/www.ifmarinvast.se\/orientering\/wp-json\/wp\/v2\/tags?post=4575"}],"curies":[{"name":"wp","href":"https:\/\/api.w.org\/{rel}","templated":true}]}}