{"id":4572,"date":"2017-09-04T13:07:46","date_gmt":"2017-09-04T11:07:46","guid":{"rendered":"http:\/\/www.ifmarinvast.se\/orientering\/?p=4572"},"modified":"2017-09-04T13:07:46","modified_gmt":"2017-09-04T11:07:46","slug":"ny-samlingsplats-for-tisdagstraningen-den-5-september","status":"publish","type":"post","link":"https:\/\/www.ifmarinvast.se\/orientering\/ny-samlingsplats-for-tisdagstraningen-den-5-september\/","title":{"rendered":"Ny samlingsplats f\u00f6r tisdagstr\u00e4ningen den 5 september!"},"content":{"rendered":"<p>Samling den 5 september kl 18:00 vid norra \u00e4nden av fotbollsplanerna i <u><b>Ruddalen<\/b><\/u>. Parkering i slutet av Kaver\u00f6sv\u00e4gen (tv\u00e4rgata till Grimmeredsv\u00e4gen). Linda arrangerar orientering f\u00f6r alla \u00e5ldrar.<\/p>\n<p>(P\u00e5 andra st\u00e4llen har det st\u00e5tt att tr\u00e4ningen \u00e4r i P\u00e5velund men det \u00e4r allts\u00e5 Ruddalen som g\u00e4ller imorgon).<\/p>\n","protected":false},"excerpt":{"rendered":"<p>Samling den 5 september kl 18:00 vid norra \u00e4nden av fotbollsplanerna i Ruddalen. Parkering i slutet av Kaver\u00f6sv\u00e4gen (tv\u00e4rgata till Grimmeredsv\u00e4gen). Linda arrangerar orientering f\u00f6r alla \u00e5ldrar. (P\u00e5 andra st\u00e4llen [&hellip;]<\/p>\n","protected":false},"author":4,"featured_media":0,"comment_status":"open","ping_status":"closed","sticky":false,"template":"","format":"standard","meta":{"footnotes":""},"categories":[262],"tags":[],"class_list":["post-4572","post","type-post","status-publish","format-standard","hentry","category-nyheter"],"_links":{"self":[{"href":"https:\/\/www.ifmarinvast.se\/orientering\/wp-json\/wp\/v2\/posts\/4572","targetHints":{"allow":["GET"]}}],"collection":[{"href":"https:\/\/www.ifmarinvast.se\/orientering\/wp-json\/wp\/v2\/posts"}],"about":[{"href":"https:\/\/www.ifmarinvast.se\/orientering\/wp-json\/wp\/v2\/types\/post"}],"author":[{"embeddable":true,"href":"https:\/\/www.ifmarinvast.se\/orientering\/wp-json\/wp\/v2\/users\/4"}],"replies":[{"embeddable":true,"href":"https:\/\/www.ifmarinvast.se\/orientering\/wp-json\/wp\/v2\/comments?post=4572"}],"version-history":[{"count":1,"href":"https:\/\/www.ifmarinvast.se\/orientering\/wp-json\/wp\/v2\/posts\/4572\/revisions"}],"predecessor-version":[{"id":4573,"href":"https:\/\/www.ifmarinvast.se\/orientering\/wp-json\/wp\/v2\/posts\/4572\/revisions\/4573"}],"wp:attachment":[{"href":"https:\/\/www.ifmarinvast.se\/orientering\/wp-json\/wp\/v2\/media?parent=4572"}],"wp:term":[{"taxonomy":"category","embeddable":true,"href":"https:\/\/www.ifmarinvast.se\/orientering\/wp-json\/wp\/v2\/categories?post=4572"},{"taxonomy":"post_tag","embeddable":true,"href":"https:\/\/www.ifmarinvast.se\/orientering\/wp-json\/wp\/v2\/tags?post=4572"}],"curies":[{"name":"wp","href":"https:\/\/api.w.org\/{rel}","templated":true}]}}