{"id":4565,"date":"2017-08-25T09:26:25","date_gmt":"2017-08-25T07:26:25","guid":{"rendered":"http:\/\/www.ifmarinvast.se\/orientering\/?p=4565"},"modified":"2017-08-25T09:30:31","modified_gmt":"2017-08-25T07:30:31","slug":"pa-tisdag-ar-traningen-i-ruddalen","status":"publish","type":"post","link":"https:\/\/www.ifmarinvast.se\/orientering\/pa-tisdag-ar-traningen-i-ruddalen\/","title":{"rendered":"P\u00e5 tisdag \u00e4r tr\u00e4ningen i Ruddalen"},"content":{"rendered":"<p>Tisdagstr\u00e4ningen den 29 augusti \u00e4r i <b><span class=\"il\">Ruddalen<\/span> <\/b>med samling kl 18:00 vid norra \u00e4nden av fotbollsplanerna i <span class=\"il\">Ruddalen<\/span>. Parkera kan man g\u00f6ra\u00a0 i slutet av Kaver\u00f6sv\u00e4gen (tv\u00e4rgata till Grimmeredsv\u00e4gen).<\/p>\n<p><a href=\"https:\/\/www.ifmarinvast.se\/orientering\/wp-content\/uploads\/2017\/08\/2017-08-29-tisdagstra\u0308ning-PM.pdf\">Information om tr\u00e4ningen finns i PM &gt;&gt;<\/a><\/p>\n","protected":false},"excerpt":{"rendered":"<p>Tisdagstr\u00e4ningen den 29 augusti \u00e4r i Ruddalen med samling kl 18:00 vid norra \u00e4nden av fotbollsplanerna i Ruddalen. Parkera kan man g\u00f6ra\u00a0 i slutet av Kaver\u00f6sv\u00e4gen (tv\u00e4rgata till Grimmeredsv\u00e4gen). Information [&hellip;]<\/p>\n","protected":false},"author":4,"featured_media":0,"comment_status":"open","ping_status":"closed","sticky":false,"template":"","format":"standard","meta":{"footnotes":""},"categories":[262],"tags":[],"class_list":["post-4565","post","type-post","status-publish","format-standard","hentry","category-nyheter"],"_links":{"self":[{"href":"https:\/\/www.ifmarinvast.se\/orientering\/wp-json\/wp\/v2\/posts\/4565","targetHints":{"allow":["GET"]}}],"collection":[{"href":"https:\/\/www.ifmarinvast.se\/orientering\/wp-json\/wp\/v2\/posts"}],"about":[{"href":"https:\/\/www.ifmarinvast.se\/orientering\/wp-json\/wp\/v2\/types\/post"}],"author":[{"embeddable":true,"href":"https:\/\/www.ifmarinvast.se\/orientering\/wp-json\/wp\/v2\/users\/4"}],"replies":[{"embeddable":true,"href":"https:\/\/www.ifmarinvast.se\/orientering\/wp-json\/wp\/v2\/comments?post=4565"}],"version-history":[{"count":2,"href":"https:\/\/www.ifmarinvast.se\/orientering\/wp-json\/wp\/v2\/posts\/4565\/revisions"}],"predecessor-version":[{"id":4567,"href":"https:\/\/www.ifmarinvast.se\/orientering\/wp-json\/wp\/v2\/posts\/4565\/revisions\/4567"}],"wp:attachment":[{"href":"https:\/\/www.ifmarinvast.se\/orientering\/wp-json\/wp\/v2\/media?parent=4565"}],"wp:term":[{"taxonomy":"category","embeddable":true,"href":"https:\/\/www.ifmarinvast.se\/orientering\/wp-json\/wp\/v2\/categories?post=4565"},{"taxonomy":"post_tag","embeddable":true,"href":"https:\/\/www.ifmarinvast.se\/orientering\/wp-json\/wp\/v2\/tags?post=4565"}],"curies":[{"name":"wp","href":"https:\/\/api.w.org\/{rel}","templated":true}]}}