{"id":4491,"date":"2017-08-23T14:13:02","date_gmt":"2017-08-23T12:13:02","guid":{"rendered":"http:\/\/www.ifmarinvast.se\/orientering\/?p=4491"},"modified":"2017-08-23T14:13:02","modified_gmt":"2017-08-23T12:13:02","slug":"var-hedersordforande-gustav-lundberg-gick-bort-i-somras-94-ar-gammal","status":"publish","type":"post","link":"https:\/\/www.ifmarinvast.se\/orientering\/var-hedersordforande-gustav-lundberg-gick-bort-i-somras-94-ar-gammal\/","title":{"rendered":"V\u00e5r hedersordf\u00f6rande Gustav Lundberg gick bort i somras, 94 \u00e5r gammal"},"content":{"rendered":"<p><a href=\"https:\/\/www.ifmarinvast.se\/orientering\/wp-content\/uploads\/2015\/09\/PB300022-1.jpg\"><img loading=\"lazy\" decoding=\"async\" class=\"alignnone size-full wp-image-2757\" src=\"https:\/\/www.ifmarinvast.se\/orientering\/wp-content\/uploads\/2015\/09\/PB300022-1.jpg\" alt=\"\" width=\"1176\" height=\"727\" srcset=\"https:\/\/www.ifmarinvast.se\/orientering\/wp-content\/uploads\/2015\/09\/PB300022-1.jpg 1176w, https:\/\/www.ifmarinvast.se\/orientering\/wp-content\/uploads\/2015\/09\/PB300022-1-300x185.jpg 300w, https:\/\/www.ifmarinvast.se\/orientering\/wp-content\/uploads\/2015\/09\/PB300022-1-1024x633.jpg 1024w\" sizes=\"auto, (max-width: 1176px) 100vw, 1176px\" \/><\/a><\/p>\n<p>Gustav var v\u00e5r ordf\u00f6rande i fyrtio \u00e5r och en fantastiskt s\u00e5dan. Han hade en f\u00f6rm\u00e5ga att se varje m\u00e4nniskas m\u00f6jligheter och st\u00f6tta och uppmuntra. Gustav var okonventionell i sitt t\u00e4nkande och hittade nya l\u00f6sningar d\u00e4r andra bara s\u00e5g problem. Och sen hade han ocks\u00e5 en enorm kraft att driva igenom sina ideer. Han var aktiv i m\u00e5nga olika sammanhang inte bara v\u00e5r f\u00f6rening. Men f\u00f6r oss \u00e4r \u00e4r han sk\u00e4let till att vi \u00e4nnu finns till. Det var Gustav som s\u00e5g till att den tidigare helt milit\u00e4ra klubben fokuserade p\u00e5 ungdomar n\u00e4r milit\u00e4ren inte beh\u00f6vde den. Det var Gustav som startade handikappsektionen (det \u00e4r klart alla kan \u00e5ka skidor, det kr\u00e4vs bara \u00f6vning) Gustav s\u00e5g ocks\u00e5 kvinnor och m\u00e4n som j\u00e4mlika l\u00e5ngt innan det var n\u00e5got som diskuterades.<\/p>\n<p>P\u00e5 v\u00e5rt senaste \u00e5rsm\u00f6te uppvaktades Gustav av Orienteringsf\u00f6rbundet och fick en s\u00e4llan utdelad guldmedalj f\u00f6r sina insatser f\u00f6r f\u00f6rbundet.<\/p>\n<div><\/div>\n<div>Som ett minne av Gustav har vi kvar Gustavs fond, som bildades till hans 90-\u00e5rsdag. Den \u00e4r till f\u00f6r ungdomar som utm\u00e4rker sig i v\u00e5r f\u00f6rening. Den fick m\u00e5nga bidrag i samband med Gustavs begravning. Gustav \u00e4r allts\u00e5 redan begravd n\u00e4r du l\u00e4ser detta. Men hans minne lever l\u00e4nge \u00e4n.<\/div>\n<div><\/div>\n<div>\/Karin<\/div>\n","protected":false},"excerpt":{"rendered":"<p>Gustav var v\u00e5r ordf\u00f6rande i fyrtio \u00e5r och en fantastiskt s\u00e5dan. Han hade en f\u00f6rm\u00e5ga att se varje m\u00e4nniskas m\u00f6jligheter och st\u00f6tta och uppmuntra. Gustav var okonventionell i sitt t\u00e4nkande [&hellip;]<\/p>\n","protected":false},"author":4,"featured_media":0,"comment_status":"open","ping_status":"closed","sticky":false,"template":"","format":"standard","meta":{"footnotes":""},"categories":[262],"tags":[],"class_list":["post-4491","post","type-post","status-publish","format-standard","hentry","category-nyheter"],"_links":{"self":[{"href":"https:\/\/www.ifmarinvast.se\/orientering\/wp-json\/wp\/v2\/posts\/4491","targetHints":{"allow":["GET"]}}],"collection":[{"href":"https:\/\/www.ifmarinvast.se\/orientering\/wp-json\/wp\/v2\/posts"}],"about":[{"href":"https:\/\/www.ifmarinvast.se\/orientering\/wp-json\/wp\/v2\/types\/post"}],"author":[{"embeddable":true,"href":"https:\/\/www.ifmarinvast.se\/orientering\/wp-json\/wp\/v2\/users\/4"}],"replies":[{"embeddable":true,"href":"https:\/\/www.ifmarinvast.se\/orientering\/wp-json\/wp\/v2\/comments?post=4491"}],"version-history":[{"count":4,"href":"https:\/\/www.ifmarinvast.se\/orientering\/wp-json\/wp\/v2\/posts\/4491\/revisions"}],"predecessor-version":[{"id":4495,"href":"https:\/\/www.ifmarinvast.se\/orientering\/wp-json\/wp\/v2\/posts\/4491\/revisions\/4495"}],"wp:attachment":[{"href":"https:\/\/www.ifmarinvast.se\/orientering\/wp-json\/wp\/v2\/media?parent=4491"}],"wp:term":[{"taxonomy":"category","embeddable":true,"href":"https:\/\/www.ifmarinvast.se\/orientering\/wp-json\/wp\/v2\/categories?post=4491"},{"taxonomy":"post_tag","embeddable":true,"href":"https:\/\/www.ifmarinvast.se\/orientering\/wp-json\/wp\/v2\/tags?post=4491"}],"curies":[{"name":"wp","href":"https:\/\/api.w.org\/{rel}","templated":true}]}}