{"id":4485,"date":"2017-08-17T15:49:11","date_gmt":"2017-08-17T13:49:11","guid":{"rendered":"http:\/\/www.ifmarinvast.se\/orientering\/?p=4485"},"modified":"2017-08-17T15:49:11","modified_gmt":"2017-08-17T13:49:11","slug":"pa-tisdag-drar-vara-traningar-igang-igen","status":"publish","type":"post","link":"https:\/\/www.ifmarinvast.se\/orientering\/pa-tisdag-drar-vara-traningar-igang-igen\/","title":{"rendered":"P\u00e5 tisdag drar v\u00e5ra tr\u00e4ningar ig\u00e5ng igen!"},"content":{"rendered":"<p>Samling den 22 augusti kl 18:00 vid <strong>P\u00e5velunds Motionscentral<\/strong> (Redegatan 18A i V\u00e4stra Fr\u00f6lunda).<br \/>\nLena och Ola arrangerar och det blir orientering f\u00f6r alla \u00e5ldrar.<\/p>\n<p>Veckan efter (den 29 augusti) \u00e4r tisdagstr\u00e4ningen i <strong>Ruddalen<\/strong> med samling kl 18:00 vid norra \u00e4nden av fotbollsplanerna i Ruddalen. Parkering i slutet av Kaver\u00f6sv\u00e4gen (tv\u00e4rgata till Grimmeredsv\u00e4gen).<\/p>\n<p>Tisdagstr\u00e4ningarna p\u00e5g\u00e5r sedan varje tisdag fram till och med den 26 september. Samling sker kl 18:00 vid <strong>P\u00e5velunds Motionscentral<\/strong> (Redegatan 18A i V\u00e4stra Fr\u00f6lunda).<\/p>\n<p>I v\u00e5ras k\u00f6rde vi tr\u00e4ningarna p\u00e5 torsdagar men observera att nu \u00e4r det <strong>tisdagar<\/strong> som g\u00e4ller.<\/p>\n","protected":false},"excerpt":{"rendered":"<p>Samling den 22 augusti kl 18:00 vid P\u00e5velunds Motionscentral (Redegatan 18A i V\u00e4stra Fr\u00f6lunda). Lena och Ola arrangerar och det blir orientering f\u00f6r alla \u00e5ldrar. Veckan efter (den 29 augusti) [&hellip;]<\/p>\n","protected":false},"author":4,"featured_media":0,"comment_status":"open","ping_status":"closed","sticky":false,"template":"","format":"standard","meta":{"footnotes":""},"categories":[262],"tags":[],"class_list":["post-4485","post","type-post","status-publish","format-standard","hentry","category-nyheter"],"_links":{"self":[{"href":"https:\/\/www.ifmarinvast.se\/orientering\/wp-json\/wp\/v2\/posts\/4485","targetHints":{"allow":["GET"]}}],"collection":[{"href":"https:\/\/www.ifmarinvast.se\/orientering\/wp-json\/wp\/v2\/posts"}],"about":[{"href":"https:\/\/www.ifmarinvast.se\/orientering\/wp-json\/wp\/v2\/types\/post"}],"author":[{"embeddable":true,"href":"https:\/\/www.ifmarinvast.se\/orientering\/wp-json\/wp\/v2\/users\/4"}],"replies":[{"embeddable":true,"href":"https:\/\/www.ifmarinvast.se\/orientering\/wp-json\/wp\/v2\/comments?post=4485"}],"version-history":[{"count":2,"href":"https:\/\/www.ifmarinvast.se\/orientering\/wp-json\/wp\/v2\/posts\/4485\/revisions"}],"predecessor-version":[{"id":4490,"href":"https:\/\/www.ifmarinvast.se\/orientering\/wp-json\/wp\/v2\/posts\/4485\/revisions\/4490"}],"wp:attachment":[{"href":"https:\/\/www.ifmarinvast.se\/orientering\/wp-json\/wp\/v2\/media?parent=4485"}],"wp:term":[{"taxonomy":"category","embeddable":true,"href":"https:\/\/www.ifmarinvast.se\/orientering\/wp-json\/wp\/v2\/categories?post=4485"},{"taxonomy":"post_tag","embeddable":true,"href":"https:\/\/www.ifmarinvast.se\/orientering\/wp-json\/wp\/v2\/tags?post=4485"}],"curies":[{"name":"wp","href":"https:\/\/api.w.org\/{rel}","templated":true}]}}