{"id":4458,"date":"2017-05-22T11:30:17","date_gmt":"2017-05-22T09:30:17","guid":{"rendered":"http:\/\/www.ifmarinvast.se\/orientering\/?p=4458"},"modified":"2017-05-22T11:30:17","modified_gmt":"2017-05-22T09:30:17","slug":"anmalan-till-klubbforlaggning-o-ringen-i-arvika","status":"publish","type":"post","link":"https:\/\/www.ifmarinvast.se\/orientering\/anmalan-till-klubbforlaggning-o-ringen-i-arvika\/","title":{"rendered":"Anm\u00e4lan till klubbf\u00f6rl\u00e4ggning O-Ringen i Arvika"},"content":{"rendered":"<p>Vi har ordnat en klubbf\u00f6rl\u00e4ggning under O-ringen-veckan i Arvika. Det \u00e4r en stor centralt bel\u00e4gen villa med \u00e5tminstone 11 s\u00e4ngplatser, grillplats och pool i tr\u00e4dg\u00e5rden. Det inneb\u00e4r gemensamma frukostar och att vi turas om med middagsbestyren. Hittills \u00e4r vi 9 personer som bokat plats. Om vi blir 11 \u00e4r kostnaden 3000 kr per person f\u00f6r 7-8 n\u00e4tter med ankomst 21 eller 22 juli och avresa 29 juli. Matkostnaden f\u00f6r sj\u00e4lvhush\u00e5llet tillkommer.<\/p>\n<p>Vi som varit med f\u00f6rr vet att det blir trevligt med samvaro och gemensam resa till etapperna. Orienteringsm\u00e4ssigt \u00e4r valfriheten stor alltifr\u00e5n enkla eller sv\u00e5rare direktanm\u00e4lningsbanor till t\u00e4vlingsklasser f\u00f6r alla \u00e5ldrar. H\u00e4ng med!<\/p>\n<p><strong>Anm\u00e4lan<\/strong><br \/>\nIntresserad? Kontakta G\u00f6sta 070-558 42 55 eller epost g.malmer@telia.com helst f\u00f6re 28 maj.<\/p>\n","protected":false},"excerpt":{"rendered":"<p>Vi har ordnat en klubbf\u00f6rl\u00e4ggning under O-ringen-veckan i Arvika. Det \u00e4r en stor centralt bel\u00e4gen villa med \u00e5tminstone 11 s\u00e4ngplatser, grillplats och pool i tr\u00e4dg\u00e5rden. Det inneb\u00e4r gemensamma frukostar och [&hellip;]<\/p>\n","protected":false},"author":4,"featured_media":0,"comment_status":"open","ping_status":"closed","sticky":false,"template":"","format":"standard","meta":{"footnotes":""},"categories":[262],"tags":[],"class_list":["post-4458","post","type-post","status-publish","format-standard","hentry","category-nyheter"],"_links":{"self":[{"href":"https:\/\/www.ifmarinvast.se\/orientering\/wp-json\/wp\/v2\/posts\/4458","targetHints":{"allow":["GET"]}}],"collection":[{"href":"https:\/\/www.ifmarinvast.se\/orientering\/wp-json\/wp\/v2\/posts"}],"about":[{"href":"https:\/\/www.ifmarinvast.se\/orientering\/wp-json\/wp\/v2\/types\/post"}],"author":[{"embeddable":true,"href":"https:\/\/www.ifmarinvast.se\/orientering\/wp-json\/wp\/v2\/users\/4"}],"replies":[{"embeddable":true,"href":"https:\/\/www.ifmarinvast.se\/orientering\/wp-json\/wp\/v2\/comments?post=4458"}],"version-history":[{"count":1,"href":"https:\/\/www.ifmarinvast.se\/orientering\/wp-json\/wp\/v2\/posts\/4458\/revisions"}],"predecessor-version":[{"id":4459,"href":"https:\/\/www.ifmarinvast.se\/orientering\/wp-json\/wp\/v2\/posts\/4458\/revisions\/4459"}],"wp:attachment":[{"href":"https:\/\/www.ifmarinvast.se\/orientering\/wp-json\/wp\/v2\/media?parent=4458"}],"wp:term":[{"taxonomy":"category","embeddable":true,"href":"https:\/\/www.ifmarinvast.se\/orientering\/wp-json\/wp\/v2\/categories?post=4458"},{"taxonomy":"post_tag","embeddable":true,"href":"https:\/\/www.ifmarinvast.se\/orientering\/wp-json\/wp\/v2\/tags?post=4458"}],"curies":[{"name":"wp","href":"https:\/\/api.w.org\/{rel}","templated":true}]}}