{"id":4447,"date":"2017-05-08T09:27:09","date_gmt":"2017-05-08T07:27:09","guid":{"rendered":"http:\/\/www.ifmarinvast.se\/orientering\/?p=4447"},"modified":"2017-05-08T09:27:09","modified_gmt":"2017-05-08T07:27:09","slug":"nu-ar-det-dags-att-anmala-sig-till-if-marin-vasts-klubbmasterskap","status":"publish","type":"post","link":"https:\/\/www.ifmarinvast.se\/orientering\/nu-ar-det-dags-att-anmala-sig-till-if-marin-vasts-klubbmasterskap\/","title":{"rendered":"Nu \u00e4r det dags att anm\u00e4la sig till IF Marin V\u00e4sts klubbm\u00e4sterskap!"},"content":{"rendered":"<p>Klubbm\u00e4sterskapet \u00e4r den 18 maj i Sisj\u00f6n. Se <a href=\"https:\/\/www.ifmarinvast.se\/orientering\/wp-content\/uploads\/2017\/05\/PM-Klubbm\u00e4sterskap-i-Orientering-2017.pdf\">PM Klubbm\u00e4sterskap i Orientering 2017<\/a><\/p>\n<h3>Anm\u00e4lan<\/h3>\n<p>Anm\u00e4lan senast 14 maj.<\/p>\n<p>Anm\u00e4l dig p\u00e5 <a href=\"https:\/\/eventor.orientering.se\/Events\/Show\/18832\">Eventor <\/a>eller maila orientering@ifmarinvast.se<\/p>\n<p>Alla kan vara med!<\/p>\n","protected":false},"excerpt":{"rendered":"<p>Klubbm\u00e4sterskapet \u00e4r den 18 maj i Sisj\u00f6n. Se PM Klubbm\u00e4sterskap i Orientering 2017 Anm\u00e4lan Anm\u00e4lan senast 14 maj. Anm\u00e4l dig p\u00e5 Eventor eller maila orientering@ifmarinvast.se Alla kan vara med!<\/p>\n","protected":false},"author":4,"featured_media":0,"comment_status":"open","ping_status":"closed","sticky":false,"template":"","format":"standard","meta":{"footnotes":""},"categories":[262],"tags":[],"class_list":["post-4447","post","type-post","status-publish","format-standard","hentry","category-nyheter"],"_links":{"self":[{"href":"https:\/\/www.ifmarinvast.se\/orientering\/wp-json\/wp\/v2\/posts\/4447","targetHints":{"allow":["GET"]}}],"collection":[{"href":"https:\/\/www.ifmarinvast.se\/orientering\/wp-json\/wp\/v2\/posts"}],"about":[{"href":"https:\/\/www.ifmarinvast.se\/orientering\/wp-json\/wp\/v2\/types\/post"}],"author":[{"embeddable":true,"href":"https:\/\/www.ifmarinvast.se\/orientering\/wp-json\/wp\/v2\/users\/4"}],"replies":[{"embeddable":true,"href":"https:\/\/www.ifmarinvast.se\/orientering\/wp-json\/wp\/v2\/comments?post=4447"}],"version-history":[{"count":2,"href":"https:\/\/www.ifmarinvast.se\/orientering\/wp-json\/wp\/v2\/posts\/4447\/revisions"}],"predecessor-version":[{"id":4449,"href":"https:\/\/www.ifmarinvast.se\/orientering\/wp-json\/wp\/v2\/posts\/4447\/revisions\/4449"}],"wp:attachment":[{"href":"https:\/\/www.ifmarinvast.se\/orientering\/wp-json\/wp\/v2\/media?parent=4447"}],"wp:term":[{"taxonomy":"category","embeddable":true,"href":"https:\/\/www.ifmarinvast.se\/orientering\/wp-json\/wp\/v2\/categories?post=4447"},{"taxonomy":"post_tag","embeddable":true,"href":"https:\/\/www.ifmarinvast.se\/orientering\/wp-json\/wp\/v2\/tags?post=4447"}],"curies":[{"name":"wp","href":"https:\/\/api.w.org\/{rel}","templated":true}]}}