{"id":371,"date":"2002-09-06T00:00:00","date_gmt":"2002-09-05T22:00:00","guid":{"rendered":"http:\/\/ifmarinvast.se\/2016\/klubbtraning-i-delsjon-7-september\/"},"modified":"2015-10-11T14:47:00","modified_gmt":"2015-10-11T12:47:00","slug":"klubbtraning-i-delsjon-7-september","status":"publish","type":"post","link":"https:\/\/www.ifmarinvast.se\/orientering\/klubbtraning-i-delsjon-7-september\/","title":{"rendered":"KLUBBTR\u00c4NING I DELSJ\u00d6N 7 SEPTEMBER"},"content":{"rendered":"<p>H\u00f6stens andra klubbtr\u00e4ning genomf\u00f6rs nu p\u00e5 l\u00f6rdag, 7 september, kl 13.00. Parkering vid Brudaremossens soptipp. Alla \u00e4r v\u00e4lkomna! Se vidare under <a href='tra'>Klubbtr\u00e4ningar<\/a><\/p>\n","protected":false},"excerpt":{"rendered":"<p>H\u00f6stens andra klubbtr\u00e4ning genomf\u00f6rs nu p\u00e5 l\u00f6rdag, 7 september, kl 13.00. Parkering vid Brudaremossens soptipp. Alla \u00e4r v\u00e4lkomna! Se vidare under Klubbtr\u00e4ningar<\/p>\n","protected":false},"author":2,"featured_media":0,"comment_status":"open","ping_status":"open","sticky":false,"template":"","format":"standard","meta":{"footnotes":""},"categories":[262,1],"tags":[],"class_list":["post-371","post","type-post","status-publish","format-standard","hentry","category-nyheter","category-okategoriserade"],"_links":{"self":[{"href":"https:\/\/www.ifmarinvast.se\/orientering\/wp-json\/wp\/v2\/posts\/371","targetHints":{"allow":["GET"]}}],"collection":[{"href":"https:\/\/www.ifmarinvast.se\/orientering\/wp-json\/wp\/v2\/posts"}],"about":[{"href":"https:\/\/www.ifmarinvast.se\/orientering\/wp-json\/wp\/v2\/types\/post"}],"author":[{"embeddable":true,"href":"https:\/\/www.ifmarinvast.se\/orientering\/wp-json\/wp\/v2\/users\/2"}],"replies":[{"embeddable":true,"href":"https:\/\/www.ifmarinvast.se\/orientering\/wp-json\/wp\/v2\/comments?post=371"}],"version-history":[{"count":2,"href":"https:\/\/www.ifmarinvast.se\/orientering\/wp-json\/wp\/v2\/posts\/371\/revisions"}],"predecessor-version":[{"id":1630,"href":"https:\/\/www.ifmarinvast.se\/orientering\/wp-json\/wp\/v2\/posts\/371\/revisions\/1630"}],"wp:attachment":[{"href":"https:\/\/www.ifmarinvast.se\/orientering\/wp-json\/wp\/v2\/media?parent=371"}],"wp:term":[{"taxonomy":"category","embeddable":true,"href":"https:\/\/www.ifmarinvast.se\/orientering\/wp-json\/wp\/v2\/categories?post=371"},{"taxonomy":"post_tag","embeddable":true,"href":"https:\/\/www.ifmarinvast.se\/orientering\/wp-json\/wp\/v2\/tags?post=371"}],"curies":[{"name":"wp","href":"https:\/\/api.w.org\/{rel}","templated":true}]}}