{"id":365,"date":"2002-08-26T00:00:00","date_gmt":"2002-08-25T22:00:00","guid":{"rendered":"http:\/\/ifmarinvast.se\/2016\/glom-inte-bort-klubbtraningen-pa-torsdag-29-augusti\/"},"modified":"2015-10-11T14:47:01","modified_gmt":"2015-10-11T12:47:01","slug":"glom-inte-bort-klubbtraningen-pa-torsdag-29-augusti","status":"publish","type":"post","link":"https:\/\/www.ifmarinvast.se\/orientering\/glom-inte-bort-klubbtraningen-pa-torsdag-29-augusti\/","title":{"rendered":"GL\u00d6M INTE BORT KLUBBTR\u00c4NINGEN P\u00c5 TORSDAG 29 AUGUSTI"},"content":{"rendered":"<p>H\u00f6stens f\u00f6rsta klubbtr\u00e4ning \u00e4r p\u00e5 torsdag 29 aug. Plats: Axlemossen, \u00c4ngg\u00e5rdsbergen. Start 17.30. Se vidare under &#8217;Klubbtr\u00e4ningar&#8217;.<\/p>\n","protected":false},"excerpt":{"rendered":"<p>H\u00f6stens f\u00f6rsta klubbtr\u00e4ning \u00e4r p\u00e5 torsdag 29 aug. Plats: Axlemossen, \u00c4ngg\u00e5rdsbergen. Start 17.30. Se vidare under &#8217;Klubbtr\u00e4ningar&#8217;.<\/p>\n","protected":false},"author":2,"featured_media":0,"comment_status":"open","ping_status":"open","sticky":false,"template":"","format":"standard","meta":{"footnotes":""},"categories":[262,1],"tags":[],"class_list":["post-365","post","type-post","status-publish","format-standard","hentry","category-nyheter","category-okategoriserade"],"_links":{"self":[{"href":"https:\/\/www.ifmarinvast.se\/orientering\/wp-json\/wp\/v2\/posts\/365","targetHints":{"allow":["GET"]}}],"collection":[{"href":"https:\/\/www.ifmarinvast.se\/orientering\/wp-json\/wp\/v2\/posts"}],"about":[{"href":"https:\/\/www.ifmarinvast.se\/orientering\/wp-json\/wp\/v2\/types\/post"}],"author":[{"embeddable":true,"href":"https:\/\/www.ifmarinvast.se\/orientering\/wp-json\/wp\/v2\/users\/2"}],"replies":[{"embeddable":true,"href":"https:\/\/www.ifmarinvast.se\/orientering\/wp-json\/wp\/v2\/comments?post=365"}],"version-history":[{"count":2,"href":"https:\/\/www.ifmarinvast.se\/orientering\/wp-json\/wp\/v2\/posts\/365\/revisions"}],"predecessor-version":[{"id":1625,"href":"https:\/\/www.ifmarinvast.se\/orientering\/wp-json\/wp\/v2\/posts\/365\/revisions\/1625"}],"wp:attachment":[{"href":"https:\/\/www.ifmarinvast.se\/orientering\/wp-json\/wp\/v2\/media?parent=365"}],"wp:term":[{"taxonomy":"category","embeddable":true,"href":"https:\/\/www.ifmarinvast.se\/orientering\/wp-json\/wp\/v2\/categories?post=365"},{"taxonomy":"post_tag","embeddable":true,"href":"https:\/\/www.ifmarinvast.se\/orientering\/wp-json\/wp\/v2\/tags?post=365"}],"curies":[{"name":"wp","href":"https:\/\/api.w.org\/{rel}","templated":true}]}}