{"id":361,"date":"2002-08-25T00:00:00","date_gmt":"2002-08-24T22:00:00","guid":{"rendered":"http:\/\/ifmarinvast.se\/2016\/lageranmalan\/"},"modified":"2015-10-11T14:47:01","modified_gmt":"2015-10-11T12:47:01","slug":"lageranmalan","status":"publish","type":"post","link":"https:\/\/www.ifmarinvast.se\/orientering\/lageranmalan\/","title":{"rendered":"L\u00e4geranm\u00e4lan"},"content":{"rendered":"<p>Anm\u00e4lningsfunktionen p\u00e5 internet till \u00e5rets h\u00f6stl\u00e4ger \u00f6ppnar p\u00e5 kv\u00e4llen m\u00e5ndag den 26 augusti.<\/p>\n","protected":false},"excerpt":{"rendered":"<p>Anm\u00e4lningsfunktionen p\u00e5 internet till \u00e5rets h\u00f6stl\u00e4ger \u00f6ppnar p\u00e5 kv\u00e4llen m\u00e5ndag den 26 augusti.<\/p>\n","protected":false},"author":2,"featured_media":0,"comment_status":"open","ping_status":"open","sticky":false,"template":"","format":"standard","meta":{"footnotes":""},"categories":[262,1],"tags":[],"class_list":["post-361","post","type-post","status-publish","format-standard","hentry","category-nyheter","category-okategoriserade"],"_links":{"self":[{"href":"https:\/\/www.ifmarinvast.se\/orientering\/wp-json\/wp\/v2\/posts\/361","targetHints":{"allow":["GET"]}}],"collection":[{"href":"https:\/\/www.ifmarinvast.se\/orientering\/wp-json\/wp\/v2\/posts"}],"about":[{"href":"https:\/\/www.ifmarinvast.se\/orientering\/wp-json\/wp\/v2\/types\/post"}],"author":[{"embeddable":true,"href":"https:\/\/www.ifmarinvast.se\/orientering\/wp-json\/wp\/v2\/users\/2"}],"replies":[{"embeddable":true,"href":"https:\/\/www.ifmarinvast.se\/orientering\/wp-json\/wp\/v2\/comments?post=361"}],"version-history":[{"count":1,"href":"https:\/\/www.ifmarinvast.se\/orientering\/wp-json\/wp\/v2\/posts\/361\/revisions"}],"predecessor-version":[{"id":491,"href":"https:\/\/www.ifmarinvast.se\/orientering\/wp-json\/wp\/v2\/posts\/361\/revisions\/491"}],"wp:attachment":[{"href":"https:\/\/www.ifmarinvast.se\/orientering\/wp-json\/wp\/v2\/media?parent=361"}],"wp:term":[{"taxonomy":"category","embeddable":true,"href":"https:\/\/www.ifmarinvast.se\/orientering\/wp-json\/wp\/v2\/categories?post=361"},{"taxonomy":"post_tag","embeddable":true,"href":"https:\/\/www.ifmarinvast.se\/orientering\/wp-json\/wp\/v2\/tags?post=361"}],"curies":[{"name":"wp","href":"https:\/\/api.w.org\/{rel}","templated":true}]}}