{"id":3572,"date":"2016-01-28T16:23:55","date_gmt":"2016-01-28T15:23:55","guid":{"rendered":"http:\/\/www.ifmarinvast.se\/orientering\/?p=3572"},"modified":"2016-01-28T17:12:49","modified_gmt":"2016-01-28T16:12:49","slug":"funktionarer-till-natt-dm","status":"publish","type":"post","link":"https:\/\/www.ifmarinvast.se\/orientering\/funktionarer-till-natt-dm\/","title":{"rendered":"Funktion\u00e4rer till Natt-DM"},"content":{"rendered":"<p>IF Marin V\u00e4st har f\u00e5tt i uppdrag av G\u00f6teborgs Orienteringsf\u00f6rbund att arrangera <b>Natt-DM<\/b> 2016. Vi kommer arrangera tillsammans med G\u00f6teborgs Skidklubb (GSK) och t\u00e4vlingen g\u00e5r i Bunketorp, Lindome, <b>fredagen den 18 mars.<\/b><\/p>\n<p>Vi beh\u00f6ver d\u00e4rf\u00f6r samma ihop ett g\u00e4ng glada funktion\u00e4rer!&nbsp;Vi f\u00f6rv\u00e4ntar oss ca 250 deltagare och kommer h\u00e5lla till vid IK Uvens klubbstuga i Bunketorp. Eftersom det \u00e4r Natt-DM kommer f\u00f6rsta start ske vid 19:45. Beroende p\u00e5 uppgift beh\u00f6ver funktion\u00e4rer vara p\u00e5 plats fr\u00e5n eftermiddag till sent.&nbsp;<\/p>\n<p>N\u00e5gra saker man kan f\u00e5 g\u00f6ra \u00e4r: Bygga TC, s\u00e4lja kaffe och kakor, h\u00e4nga ut kontroller, sitta i sekretariatet, pricka av l\u00f6pare vid starten. Dessutom beh\u00f6vs ett par personer f\u00f6r att h\u00e4mta och l\u00e4mna material vid IP Skogen i Skat\u00e5s 14 och 21 mars.<\/p>\n<p>Man beh\u00f6ver ingen tidigare erfarenhet vare sig av orientering eller av arrangemang f\u00f6r att vara med. Alla beh\u00f6vs! Kan man inte vara med den 18 mars f\u00e5r man g\u00e4rna baka en kaka till v\u00e5r marka eller hj\u00e4lpa till vid IP Skogen.<\/p>\n<p>Anm\u00e4l er via funktion\u00e4rsformul\u00e4ret p\u00e5 Eventor (logga in som vanligt): <a href=\"http:\/\/eventor.orientering.se\/Activities\/Show\/4405\">http:\/\/eventor.orientering.se\/Activities\/Show\/4405<\/a><\/p>\n<p>Eller maila till <a href=\"http:\/\/mailto:orientering@ifmarinvast.se\">orientering@ifmarinvast.se<\/a>.<\/p>\n","protected":false},"excerpt":{"rendered":"<p>IF Marin V\u00e4st har f\u00e5tt i uppdrag av G\u00f6teborgs Orienteringsf\u00f6rbund att arrangera Natt-DM 2016. Vi kommer arrangera tillsammans med G\u00f6teborgs Skidklubb (GSK) och t\u00e4vlingen g\u00e5r i Bunketorp, Lindome, fredagen den [&hellip;]<\/p>\n","protected":false},"author":1,"featured_media":3574,"comment_status":"open","ping_status":"open","sticky":false,"template":"","format":"standard","meta":{"footnotes":""},"categories":[262],"tags":[],"class_list":["post-3572","post","type-post","status-publish","format-standard","has-post-thumbnail","hentry","category-nyheter"],"_links":{"self":[{"href":"https:\/\/www.ifmarinvast.se\/orientering\/wp-json\/wp\/v2\/posts\/3572","targetHints":{"allow":["GET"]}}],"collection":[{"href":"https:\/\/www.ifmarinvast.se\/orientering\/wp-json\/wp\/v2\/posts"}],"about":[{"href":"https:\/\/www.ifmarinvast.se\/orientering\/wp-json\/wp\/v2\/types\/post"}],"author":[{"embeddable":true,"href":"https:\/\/www.ifmarinvast.se\/orientering\/wp-json\/wp\/v2\/users\/1"}],"replies":[{"embeddable":true,"href":"https:\/\/www.ifmarinvast.se\/orientering\/wp-json\/wp\/v2\/comments?post=3572"}],"version-history":[{"count":1,"href":"https:\/\/www.ifmarinvast.se\/orientering\/wp-json\/wp\/v2\/posts\/3572\/revisions"}],"predecessor-version":[{"id":3573,"href":"https:\/\/www.ifmarinvast.se\/orientering\/wp-json\/wp\/v2\/posts\/3572\/revisions\/3573"}],"wp:featuredmedia":[{"embeddable":true,"href":"https:\/\/www.ifmarinvast.se\/orientering\/wp-json\/wp\/v2\/media\/3574"}],"wp:attachment":[{"href":"https:\/\/www.ifmarinvast.se\/orientering\/wp-json\/wp\/v2\/media?parent=3572"}],"wp:term":[{"taxonomy":"category","embeddable":true,"href":"https:\/\/www.ifmarinvast.se\/orientering\/wp-json\/wp\/v2\/categories?post=3572"},{"taxonomy":"post_tag","embeddable":true,"href":"https:\/\/www.ifmarinvast.se\/orientering\/wp-json\/wp\/v2\/tags?post=3572"}],"curies":[{"name":"wp","href":"https:\/\/api.w.org\/{rel}","templated":true}]}}