{"id":3388,"date":"2015-10-26T07:34:27","date_gmt":"2015-10-26T06:34:27","guid":{"rendered":"http:\/\/www.ifmarinvast.se\/orientering\/?p=3388"},"modified":"2015-10-26T07:34:27","modified_gmt":"2015-10-26T06:34:27","slug":"hostens-roligaste-tavlingar-har-vi-framfor-oss","status":"publish","type":"post","link":"https:\/\/www.ifmarinvast.se\/orientering\/hostens-roligaste-tavlingar-har-vi-framfor-oss\/","title":{"rendered":"H\u00f6stens roligaste t\u00e4vlingar har vi framf\u00f6r oss!"},"content":{"rendered":"<p>Vi har tv\u00e5 sena h\u00f6stt\u00e4vlingar kvar p\u00e5 schemat. Det g\u00e5r fortfarande bra att efteranm\u00e4la sig till Uddevallatrof\u00e9n och sprinthelgen i Bor\u00e5s har ordinarie anm\u00e4lan till 1 november.<\/p>\n<h3>Uddevallatrof\u00e9n, 31 oktober<\/h3>\n<p><a href=\"http:\/\/eventor.orientering.se\/Events\/Show\/9423\" target=\"_blank\">Uddevallatrof\u00e9n<\/a> \u00e4r en patrullt\u00e4vling (man springer i par) p\u00e5 ultral\u00e5ng distans med masstart. Det finns vanliga banor 4-14km och de har ingen \u00e5ldersbegr\u00e4nsning. Man kan tex springa f\u00f6r\u00e4lder och barn ihop, eller nyb\u00f6rjare och mer erfaren, p\u00e5 valfri niv\u00e5. Det finns \u00e4ven \u00c4ventyrsbanor f\u00f6r ungdomar upp till 14 \u00e5r, samt en svart \u00e4ventyrsbana.<\/p>\n<h3>Sprinthelgen i Bor\u00e5s, 6-8 november<\/h3>\n<p>Sprinthelgen i Bor\u00e5s \u00e4r tre dagars t\u00e4vlingar; <a href=\"http:\/\/eventor.orientering.se\/Events\/Show\/9524\" target=\"_blank\">nattsprint fredag<\/a>, <a href=\"http:\/\/eventor.orientering.se\/Events\/Show\/9530\" target=\"_blank\">up&#8217;n&#8217;downhill sprint<\/a> p\u00e5 Rya \u00e5sar (d\u00e4r O-ringen gick i somras) l\u00f6rdag, och s\u00e5 IFMV-klassikern <a href=\"http:\/\/eventor.orientering.se\/Events\/Show\/9480\" target=\"_blank\">zoo-sprinten<\/a> p\u00e5 s\u00f6ndagen. Det g\u00e5r bra att l\u00e4sa mer om alla och anm\u00e4la sig i Eventor, man kan v\u00e4lja att springa en, tv\u00e5 eller alla. Enkel orientering och h\u00f6g fart \u00e4r det som g\u00e4ller!<\/p>\n<p>Eftersom b\u00e5da t\u00e4vlingarna ligger l\u00e5ngt bort s\u00e5 h\u00f6r g\u00e4rna av er, till de andra som \u00e4r anm\u00e4lda i Eventor eller via allm\u00e4nt meddelande\/fr\u00e5ga p\u00e5 tex v\u00e5r <a href=\"http:\/\/facebook.se\/ifmvol\" target=\"_blank\">facebook<\/a>, om ni vill sam\u00e5ka och har eller beh\u00f6ver skjuts. Jag tror \u00e4ven att det g\u00e5r r\u00e4tt smidigt att \u00e5ka kollektivt till t\u00e4vlingarna, i alla fall till zoo-sprinten.<\/p>\n","protected":false},"excerpt":{"rendered":"<p>Vi har tv\u00e5 sena h\u00f6stt\u00e4vlingar kvar p\u00e5 schemat. Det g\u00e5r fortfarande bra att efteranm\u00e4la sig till Uddevallatrof\u00e9n och sprinthelgen i Bor\u00e5s har ordinarie anm\u00e4lan till 1 november. Uddevallatrof\u00e9n, 31 oktober [&hellip;]<\/p>\n","protected":false},"author":3,"featured_media":3176,"comment_status":"open","ping_status":"open","sticky":false,"template":"","format":"standard","meta":{"footnotes":""},"categories":[262],"tags":[],"class_list":["post-3388","post","type-post","status-publish","format-standard","has-post-thumbnail","hentry","category-nyheter"],"_links":{"self":[{"href":"https:\/\/www.ifmarinvast.se\/orientering\/wp-json\/wp\/v2\/posts\/3388","targetHints":{"allow":["GET"]}}],"collection":[{"href":"https:\/\/www.ifmarinvast.se\/orientering\/wp-json\/wp\/v2\/posts"}],"about":[{"href":"https:\/\/www.ifmarinvast.se\/orientering\/wp-json\/wp\/v2\/types\/post"}],"author":[{"embeddable":true,"href":"https:\/\/www.ifmarinvast.se\/orientering\/wp-json\/wp\/v2\/users\/3"}],"replies":[{"embeddable":true,"href":"https:\/\/www.ifmarinvast.se\/orientering\/wp-json\/wp\/v2\/comments?post=3388"}],"version-history":[{"count":3,"href":"https:\/\/www.ifmarinvast.se\/orientering\/wp-json\/wp\/v2\/posts\/3388\/revisions"}],"predecessor-version":[{"id":3391,"href":"https:\/\/www.ifmarinvast.se\/orientering\/wp-json\/wp\/v2\/posts\/3388\/revisions\/3391"}],"wp:featuredmedia":[{"embeddable":true,"href":"https:\/\/www.ifmarinvast.se\/orientering\/wp-json\/wp\/v2\/media\/3176"}],"wp:attachment":[{"href":"https:\/\/www.ifmarinvast.se\/orientering\/wp-json\/wp\/v2\/media?parent=3388"}],"wp:term":[{"taxonomy":"category","embeddable":true,"href":"https:\/\/www.ifmarinvast.se\/orientering\/wp-json\/wp\/v2\/categories?post=3388"},{"taxonomy":"post_tag","embeddable":true,"href":"https:\/\/www.ifmarinvast.se\/orientering\/wp-json\/wp\/v2\/tags?post=3388"}],"curies":[{"name":"wp","href":"https:\/\/api.w.org\/{rel}","templated":true}]}}