{"id":331,"date":"2002-06-23T00:00:00","date_gmt":"2002-06-22T22:00:00","guid":{"rendered":"http:\/\/ifmarinvast.se\/2016\/nartavling-4-juli-if-rigor\/"},"modified":"2015-10-11T14:47:15","modified_gmt":"2015-10-11T12:47:15","slug":"nartavling-4-juli-if-rigor","status":"publish","type":"post","link":"https:\/\/www.ifmarinvast.se\/orientering\/nartavling-4-juli-if-rigor\/","title":{"rendered":"N\u00c4RT\u00c4VLING 4 JULI, IF RIGOR"},"content":{"rendered":"<p>IF Rigor anordnar en n\u00e4rt\u00e4vling torsdagen den 4 juli, kl 18-19. Bra genomk\u00f6rare inf\u00f6r O-Ringen!<br \/>Banor: 2,0 &#8211; 7,5 km.<br \/>Ingen f\u00f6ranm\u00e4lan.<br \/>Samling: 1 km v\u00e4ster om Annebergshus. V\u00e4gvisning mellan Anneberg\/\u00c4lvs\u00e5ker och Inseros. P vid TC. Start ca 800 m. Sportident!<\/p>\n","protected":false},"excerpt":{"rendered":"<p>IF Rigor anordnar en n\u00e4rt\u00e4vling torsdagen den 4 juli, kl 18-19. Bra genomk\u00f6rare inf\u00f6r O-Ringen!Banor: 2,0 &#8211; 7,5 km.Ingen f\u00f6ranm\u00e4lan.Samling: 1 km v\u00e4ster om Annebergshus. V\u00e4gvisning mellan Anneberg\/\u00c4lvs\u00e5ker och Inseros. [&hellip;]<\/p>\n","protected":false},"author":2,"featured_media":0,"comment_status":"open","ping_status":"open","sticky":false,"template":"","format":"standard","meta":{"footnotes":""},"categories":[262,1],"tags":[],"class_list":["post-331","post","type-post","status-publish","format-standard","hentry","category-nyheter","category-okategoriserade"],"_links":{"self":[{"href":"https:\/\/www.ifmarinvast.se\/orientering\/wp-json\/wp\/v2\/posts\/331","targetHints":{"allow":["GET"]}}],"collection":[{"href":"https:\/\/www.ifmarinvast.se\/orientering\/wp-json\/wp\/v2\/posts"}],"about":[{"href":"https:\/\/www.ifmarinvast.se\/orientering\/wp-json\/wp\/v2\/types\/post"}],"author":[{"embeddable":true,"href":"https:\/\/www.ifmarinvast.se\/orientering\/wp-json\/wp\/v2\/users\/2"}],"replies":[{"embeddable":true,"href":"https:\/\/www.ifmarinvast.se\/orientering\/wp-json\/wp\/v2\/comments?post=331"}],"version-history":[{"count":1,"href":"https:\/\/www.ifmarinvast.se\/orientering\/wp-json\/wp\/v2\/posts\/331\/revisions"}],"predecessor-version":[{"id":478,"href":"https:\/\/www.ifmarinvast.se\/orientering\/wp-json\/wp\/v2\/posts\/331\/revisions\/478"}],"wp:attachment":[{"href":"https:\/\/www.ifmarinvast.se\/orientering\/wp-json\/wp\/v2\/media?parent=331"}],"wp:term":[{"taxonomy":"category","embeddable":true,"href":"https:\/\/www.ifmarinvast.se\/orientering\/wp-json\/wp\/v2\/categories?post=331"},{"taxonomy":"post_tag","embeddable":true,"href":"https:\/\/www.ifmarinvast.se\/orientering\/wp-json\/wp\/v2\/tags?post=331"}],"curies":[{"name":"wp","href":"https:\/\/api.w.org\/{rel}","templated":true}]}}