{"id":326,"date":"2002-06-03T00:00:00","date_gmt":"2002-06-02T22:00:00","guid":{"rendered":"http:\/\/ifmarinvast.se\/2016\/gof-lager\/"},"modified":"2015-10-11T14:47:15","modified_gmt":"2015-10-11T12:47:15","slug":"gof-lager","status":"publish","type":"post","link":"https:\/\/www.ifmarinvast.se\/orientering\/gof-lager\/","title":{"rendered":"GOF-L\u00e4ger"},"content":{"rendered":"<p>Nu finns PM och deltagarlistor f\u00f6r GOFs sommarl\u00e4ger p\u00e5 <a href='http:\/\/www.netg.se\/gof\/ungdom\/lager\/' target='_blank'>Ungdomskommitt\u00e9ns sida<\/a>.<\/p>\n","protected":false},"excerpt":{"rendered":"<p>Nu finns PM och deltagarlistor f\u00f6r GOFs sommarl\u00e4ger p\u00e5 Ungdomskommitt\u00e9ns sida.<\/p>\n","protected":false},"author":2,"featured_media":0,"comment_status":"open","ping_status":"open","sticky":false,"template":"","format":"standard","meta":{"footnotes":""},"categories":[262,1],"tags":[],"class_list":["post-326","post","type-post","status-publish","format-standard","hentry","category-nyheter","category-okategoriserade"],"_links":{"self":[{"href":"https:\/\/www.ifmarinvast.se\/orientering\/wp-json\/wp\/v2\/posts\/326","targetHints":{"allow":["GET"]}}],"collection":[{"href":"https:\/\/www.ifmarinvast.se\/orientering\/wp-json\/wp\/v2\/posts"}],"about":[{"href":"https:\/\/www.ifmarinvast.se\/orientering\/wp-json\/wp\/v2\/types\/post"}],"author":[{"embeddable":true,"href":"https:\/\/www.ifmarinvast.se\/orientering\/wp-json\/wp\/v2\/users\/2"}],"replies":[{"embeddable":true,"href":"https:\/\/www.ifmarinvast.se\/orientering\/wp-json\/wp\/v2\/comments?post=326"}],"version-history":[{"count":2,"href":"https:\/\/www.ifmarinvast.se\/orientering\/wp-json\/wp\/v2\/posts\/326\/revisions"}],"predecessor-version":[{"id":1611,"href":"https:\/\/www.ifmarinvast.se\/orientering\/wp-json\/wp\/v2\/posts\/326\/revisions\/1611"}],"wp:attachment":[{"href":"https:\/\/www.ifmarinvast.se\/orientering\/wp-json\/wp\/v2\/media?parent=326"}],"wp:term":[{"taxonomy":"category","embeddable":true,"href":"https:\/\/www.ifmarinvast.se\/orientering\/wp-json\/wp\/v2\/categories?post=326"},{"taxonomy":"post_tag","embeddable":true,"href":"https:\/\/www.ifmarinvast.se\/orientering\/wp-json\/wp\/v2\/tags?post=326"}],"curies":[{"name":"wp","href":"https:\/\/api.w.org\/{rel}","templated":true}]}}