{"id":323,"date":"2002-06-02T00:00:00","date_gmt":"2002-06-01T22:00:00","guid":{"rendered":"http:\/\/ifmarinvast.se\/2016\/223\/"},"modified":"2015-10-11T14:47:15","modified_gmt":"2015-10-11T12:47:15","slug":"223","status":"publish","type":"post","link":"https:\/\/www.ifmarinvast.se\/orientering\/223\/","title":{"rendered":"Ingen konditionstr\u00e4ning tisdag 4 Juni. Det blir n&#8230;"},"content":{"rendered":"<p>Ingen konditionstr\u00e4ning tisdag 4 Juni. Det blir nu sommaruppeh\u00e5ll och d\u00e4refter k\u00f6r vi ig\u00e5ng igen i september.<\/p>\n","protected":false},"excerpt":{"rendered":"<p>Ingen konditionstr\u00e4ning tisdag 4 Juni. Det blir nu sommaruppeh\u00e5ll och d\u00e4refter k\u00f6r vi ig\u00e5ng igen i september.<\/p>\n","protected":false},"author":2,"featured_media":0,"comment_status":"open","ping_status":"open","sticky":false,"template":"","format":"standard","meta":{"footnotes":""},"categories":[262,1],"tags":[],"class_list":["post-323","post","type-post","status-publish","format-standard","hentry","category-nyheter","category-okategoriserade"],"_links":{"self":[{"href":"https:\/\/www.ifmarinvast.se\/orientering\/wp-json\/wp\/v2\/posts\/323","targetHints":{"allow":["GET"]}}],"collection":[{"href":"https:\/\/www.ifmarinvast.se\/orientering\/wp-json\/wp\/v2\/posts"}],"about":[{"href":"https:\/\/www.ifmarinvast.se\/orientering\/wp-json\/wp\/v2\/types\/post"}],"author":[{"embeddable":true,"href":"https:\/\/www.ifmarinvast.se\/orientering\/wp-json\/wp\/v2\/users\/2"}],"replies":[{"embeddable":true,"href":"https:\/\/www.ifmarinvast.se\/orientering\/wp-json\/wp\/v2\/comments?post=323"}],"version-history":[{"count":2,"href":"https:\/\/www.ifmarinvast.se\/orientering\/wp-json\/wp\/v2\/posts\/323\/revisions"}],"predecessor-version":[{"id":1609,"href":"https:\/\/www.ifmarinvast.se\/orientering\/wp-json\/wp\/v2\/posts\/323\/revisions\/1609"}],"wp:attachment":[{"href":"https:\/\/www.ifmarinvast.se\/orientering\/wp-json\/wp\/v2\/media?parent=323"}],"wp:term":[{"taxonomy":"category","embeddable":true,"href":"https:\/\/www.ifmarinvast.se\/orientering\/wp-json\/wp\/v2\/categories?post=323"},{"taxonomy":"post_tag","embeddable":true,"href":"https:\/\/www.ifmarinvast.se\/orientering\/wp-json\/wp\/v2\/tags?post=323"}],"curies":[{"name":"wp","href":"https:\/\/api.w.org\/{rel}","templated":true}]}}