{"id":322,"date":"2002-06-01T00:00:00","date_gmt":"2002-05-31T22:00:00","guid":{"rendered":"http:\/\/ifmarinvast.se\/2016\/222-varavslutning\/"},"modified":"2015-10-11T14:47:15","modified_gmt":"2015-10-11T12:47:15","slug":"222-varavslutning","status":"publish","type":"post","link":"https:\/\/www.ifmarinvast.se\/orientering\/222-varavslutning\/","title":{"rendered":"V\u00e5ravslutning"},"content":{"rendered":"<p>Vi avslutar v\u00e5rs\u00e4songen s\u00f6ndag den 9 juni. Alla \u00e4r v\u00e4lkomna! Om du inte tillh\u00f6r n\u00e5gon av grupperna BA, FO, TR eller T\u00c4 m\u00e5ste du anm\u00e4la dig f\u00f6r att komma igenom vakten. L\u00e4s allt p\u00e5 <a href='http:\/\/www.ifmv.nu\/aktuellt\/avslutningvt2002.asp'>V\u00e5ravslutning 2002-sidan<\/a>.<\/p>\n","protected":false},"excerpt":{"rendered":"<p>Vi avslutar v\u00e5rs\u00e4songen s\u00f6ndag den 9 juni. Alla \u00e4r v\u00e4lkomna! Om du inte tillh\u00f6r n\u00e5gon av grupperna BA, FO, TR eller T\u00c4 m\u00e5ste du anm\u00e4la dig f\u00f6r att komma igenom [&hellip;]<\/p>\n","protected":false},"author":2,"featured_media":0,"comment_status":"open","ping_status":"open","sticky":false,"template":"","format":"standard","meta":{"footnotes":""},"categories":[262,1],"tags":[],"class_list":["post-322","post","type-post","status-publish","format-standard","hentry","category-nyheter","category-okategoriserade"],"_links":{"self":[{"href":"https:\/\/www.ifmarinvast.se\/orientering\/wp-json\/wp\/v2\/posts\/322","targetHints":{"allow":["GET"]}}],"collection":[{"href":"https:\/\/www.ifmarinvast.se\/orientering\/wp-json\/wp\/v2\/posts"}],"about":[{"href":"https:\/\/www.ifmarinvast.se\/orientering\/wp-json\/wp\/v2\/types\/post"}],"author":[{"embeddable":true,"href":"https:\/\/www.ifmarinvast.se\/orientering\/wp-json\/wp\/v2\/users\/2"}],"replies":[{"embeddable":true,"href":"https:\/\/www.ifmarinvast.se\/orientering\/wp-json\/wp\/v2\/comments?post=322"}],"version-history":[{"count":2,"href":"https:\/\/www.ifmarinvast.se\/orientering\/wp-json\/wp\/v2\/posts\/322\/revisions"}],"predecessor-version":[{"id":1608,"href":"https:\/\/www.ifmarinvast.se\/orientering\/wp-json\/wp\/v2\/posts\/322\/revisions\/1608"}],"wp:attachment":[{"href":"https:\/\/www.ifmarinvast.se\/orientering\/wp-json\/wp\/v2\/media?parent=322"}],"wp:term":[{"taxonomy":"category","embeddable":true,"href":"https:\/\/www.ifmarinvast.se\/orientering\/wp-json\/wp\/v2\/categories?post=322"},{"taxonomy":"post_tag","embeddable":true,"href":"https:\/\/www.ifmarinvast.se\/orientering\/wp-json\/wp\/v2\/tags?post=322"}],"curies":[{"name":"wp","href":"https:\/\/api.w.org\/{rel}","templated":true}]}}