{"id":310,"date":"2002-05-06T00:00:00","date_gmt":"2002-05-05T22:00:00","guid":{"rendered":"http:\/\/ifmarinvast.se\/2016\/glom-inte-att-anmala-dig-till-arets-sommarlager\/"},"modified":"2015-10-11T14:47:26","modified_gmt":"2015-10-11T12:47:26","slug":"glom-inte-att-anmala-dig-till-arets-sommarlager","status":"publish","type":"post","link":"https:\/\/www.ifmarinvast.se\/orientering\/glom-inte-att-anmala-dig-till-arets-sommarlager\/","title":{"rendered":"GL\u00d6M INTE ATT ANM\u00c4LA DIG TILL \u00c5RETS SOMMARL\u00c4GER"},"content":{"rendered":"<p>Anm\u00e4lan till G\u00f6teborgs Orienteringsf\u00f6rbunds sommarl\u00e4ger skall vara Bengt Dellming tillhanda senast 9 maj. Om du saknar information &#8211; kontakta Bengt!<br \/><a href='http:\/\/www.orienteringgoteborg.com\/ungdom\/lager\/pdf\/GOFLagerInbjudan2002.pdf'>Inbjudan<\/a><br \/><a href='http:\/\/www.orienteringgoteborg.com\/ungdom\/lager\/pdf\/Deltagaranm.pdf'>Anm\u00e4lningsblankett<\/a><\/p>\n","protected":false},"excerpt":{"rendered":"<p>Anm\u00e4lan till G\u00f6teborgs Orienteringsf\u00f6rbunds sommarl\u00e4ger skall vara Bengt Dellming tillhanda senast 9 maj. Om du saknar information &#8211; kontakta Bengt!InbjudanAnm\u00e4lningsblankett<\/p>\n","protected":false},"author":2,"featured_media":0,"comment_status":"open","ping_status":"open","sticky":false,"template":"","format":"standard","meta":{"footnotes":""},"categories":[262,1],"tags":[],"class_list":["post-310","post","type-post","status-publish","format-standard","hentry","category-nyheter","category-okategoriserade"],"_links":{"self":[{"href":"https:\/\/www.ifmarinvast.se\/orientering\/wp-json\/wp\/v2\/posts\/310","targetHints":{"allow":["GET"]}}],"collection":[{"href":"https:\/\/www.ifmarinvast.se\/orientering\/wp-json\/wp\/v2\/posts"}],"about":[{"href":"https:\/\/www.ifmarinvast.se\/orientering\/wp-json\/wp\/v2\/types\/post"}],"author":[{"embeddable":true,"href":"https:\/\/www.ifmarinvast.se\/orientering\/wp-json\/wp\/v2\/users\/2"}],"replies":[{"embeddable":true,"href":"https:\/\/www.ifmarinvast.se\/orientering\/wp-json\/wp\/v2\/comments?post=310"}],"version-history":[{"count":2,"href":"https:\/\/www.ifmarinvast.se\/orientering\/wp-json\/wp\/v2\/posts\/310\/revisions"}],"predecessor-version":[{"id":1602,"href":"https:\/\/www.ifmarinvast.se\/orientering\/wp-json\/wp\/v2\/posts\/310\/revisions\/1602"}],"wp:attachment":[{"href":"https:\/\/www.ifmarinvast.se\/orientering\/wp-json\/wp\/v2\/media?parent=310"}],"wp:term":[{"taxonomy":"category","embeddable":true,"href":"https:\/\/www.ifmarinvast.se\/orientering\/wp-json\/wp\/v2\/categories?post=310"},{"taxonomy":"post_tag","embeddable":true,"href":"https:\/\/www.ifmarinvast.se\/orientering\/wp-json\/wp\/v2\/tags?post=310"}],"curies":[{"name":"wp","href":"https:\/\/api.w.org\/{rel}","templated":true}]}}