{"id":307,"date":"2002-05-05T00:00:00","date_gmt":"2002-05-04T22:00:00","guid":{"rendered":"http:\/\/ifmarinvast.se\/2016\/207\/"},"modified":"2015-10-11T14:47:27","modified_gmt":"2015-10-11T12:47:27","slug":"207","status":"publish","type":"post","link":"https:\/\/www.ifmarinvast.se\/orientering\/207\/","title":{"rendered":"Vi forts\u00e4tter med konditionstr\u00e4ningen tisdag 7\/5&#8230;"},"content":{"rendered":"<p>Vi forts\u00e4tter med konditionstr\u00e4ningen tisdag 7\/5 kl 18.00 efter uppeh\u00e5ll pga Valborg. Planen \u00e4r att k\u00f6ra tempotr\u00e4ning i skogen kombinerat med grovkompass. Tag med Kompass och P\u00e5velundskarta.<\/p>\n","protected":false},"excerpt":{"rendered":"<p>Vi forts\u00e4tter med konditionstr\u00e4ningen tisdag 7\/5 kl 18.00 efter uppeh\u00e5ll pga Valborg. Planen \u00e4r att k\u00f6ra tempotr\u00e4ning i skogen kombinerat med grovkompass. Tag med Kompass och P\u00e5velundskarta.<\/p>\n","protected":false},"author":2,"featured_media":0,"comment_status":"open","ping_status":"open","sticky":false,"template":"","format":"standard","meta":{"footnotes":""},"categories":[262,1],"tags":[],"class_list":["post-307","post","type-post","status-publish","format-standard","hentry","category-nyheter","category-okategoriserade"],"_links":{"self":[{"href":"https:\/\/www.ifmarinvast.se\/orientering\/wp-json\/wp\/v2\/posts\/307","targetHints":{"allow":["GET"]}}],"collection":[{"href":"https:\/\/www.ifmarinvast.se\/orientering\/wp-json\/wp\/v2\/posts"}],"about":[{"href":"https:\/\/www.ifmarinvast.se\/orientering\/wp-json\/wp\/v2\/types\/post"}],"author":[{"embeddable":true,"href":"https:\/\/www.ifmarinvast.se\/orientering\/wp-json\/wp\/v2\/users\/2"}],"replies":[{"embeddable":true,"href":"https:\/\/www.ifmarinvast.se\/orientering\/wp-json\/wp\/v2\/comments?post=307"}],"version-history":[{"count":2,"href":"https:\/\/www.ifmarinvast.se\/orientering\/wp-json\/wp\/v2\/posts\/307\/revisions"}],"predecessor-version":[{"id":1601,"href":"https:\/\/www.ifmarinvast.se\/orientering\/wp-json\/wp\/v2\/posts\/307\/revisions\/1601"}],"wp:attachment":[{"href":"https:\/\/www.ifmarinvast.se\/orientering\/wp-json\/wp\/v2\/media?parent=307"}],"wp:term":[{"taxonomy":"category","embeddable":true,"href":"https:\/\/www.ifmarinvast.se\/orientering\/wp-json\/wp\/v2\/categories?post=307"},{"taxonomy":"post_tag","embeddable":true,"href":"https:\/\/www.ifmarinvast.se\/orientering\/wp-json\/wp\/v2\/tags?post=307"}],"curies":[{"name":"wp","href":"https:\/\/api.w.org\/{rel}","templated":true}]}}