{"id":300,"date":"2002-04-22T00:00:00","date_gmt":"2002-04-21T22:00:00","guid":{"rendered":"http:\/\/ifmarinvast.se\/2016\/1942\/"},"modified":"2015-10-11T14:47:27","modified_gmt":"2015-10-11T12:47:27","slug":"ar-1942","status":"publish","type":"post","link":"https:\/\/www.ifmarinvast.se\/orientering\/ar-1942\/","title":{"rendered":"\u00c5r 1942&#8230;"},"content":{"rendered":"<p>&#8230;bildades KA4 IF, den f\u00f6rening som vi idag kallar IF Marin V\u00e4st. Det inneb\u00e4r att vi har <i>60-\u00e5rsjubileum i \u00e5r!!<\/i> Till h\u00f6sten \u00e4r det t\u00e4nkt att hela klubben skall \u00e4gna en dag (l\u00f6rdagen 21 september) tillsammans \u00e5t att fira detta, och en festkommitt\u00e9 har bildats f\u00f6r att se till att det blir riktigt kul. \u00c4r det n\u00e5gon som skulle vilja g\u00f6ra eller se n\u00e5got s\u00e4rskilt den h\u00e4r dagen, kan ni maila era f\u00f6rslag till mig (linda@ifmv.nu), s\u00e5 skall jag se till att vi tar upp dem i festkommitt\u00e9n. <b>60 \u00e5r!<\/b> Alla bra partyid\u00e9er beh\u00f6vs!<\/p>\n","protected":false},"excerpt":{"rendered":"<p>&#8230;bildades KA4 IF, den f\u00f6rening som vi idag kallar IF Marin V\u00e4st. Det inneb\u00e4r att vi har 60-\u00e5rsjubileum i \u00e5r!! Till h\u00f6sten \u00e4r det t\u00e4nkt att hela klubben skall \u00e4gna [&hellip;]<\/p>\n","protected":false},"author":2,"featured_media":0,"comment_status":"open","ping_status":"open","sticky":false,"template":"","format":"standard","meta":{"footnotes":""},"categories":[262,1],"tags":[],"class_list":["post-300","post","type-post","status-publish","format-standard","hentry","category-nyheter","category-okategoriserade"],"_links":{"self":[{"href":"https:\/\/www.ifmarinvast.se\/orientering\/wp-json\/wp\/v2\/posts\/300","targetHints":{"allow":["GET"]}}],"collection":[{"href":"https:\/\/www.ifmarinvast.se\/orientering\/wp-json\/wp\/v2\/posts"}],"about":[{"href":"https:\/\/www.ifmarinvast.se\/orientering\/wp-json\/wp\/v2\/types\/post"}],"author":[{"embeddable":true,"href":"https:\/\/www.ifmarinvast.se\/orientering\/wp-json\/wp\/v2\/users\/2"}],"replies":[{"embeddable":true,"href":"https:\/\/www.ifmarinvast.se\/orientering\/wp-json\/wp\/v2\/comments?post=300"}],"version-history":[{"count":3,"href":"https:\/\/www.ifmarinvast.se\/orientering\/wp-json\/wp\/v2\/posts\/300\/revisions"}],"predecessor-version":[{"id":2076,"href":"https:\/\/www.ifmarinvast.se\/orientering\/wp-json\/wp\/v2\/posts\/300\/revisions\/2076"}],"wp:attachment":[{"href":"https:\/\/www.ifmarinvast.se\/orientering\/wp-json\/wp\/v2\/media?parent=300"}],"wp:term":[{"taxonomy":"category","embeddable":true,"href":"https:\/\/www.ifmarinvast.se\/orientering\/wp-json\/wp\/v2\/categories?post=300"},{"taxonomy":"post_tag","embeddable":true,"href":"https:\/\/www.ifmarinvast.se\/orientering\/wp-json\/wp\/v2\/tags?post=300"}],"curies":[{"name":"wp","href":"https:\/\/api.w.org\/{rel}","templated":true}]}}